{"id":7993,"date":"2025-02-07T09:23:19","date_gmt":"2025-02-07T14:23:19","guid":{"rendered":"https:\/\/globalintegralbeauty.com\/?p=7993"},"modified":"2025-02-07T09:27:19","modified_gmt":"2025-02-07T14:27:19","slug":"adriana-gudino-trayectoria-y-reconocimiento-en-los-global-integral-beauty-awards-2024","status":"publish","type":"post","link":"https:\/\/globalintegralbeauty.com\/en\/adriana-gudino-trayectoria-y-reconocimiento-en-los-global-integral-beauty-awards-2024\/","title":{"rendered":"Adriana Gudi\u00f1o: Trayectoria y Reconocimiento en los Global Integral Beauty Awards 2024"},"content":{"rendered":"\t\t<div data-elementor-type=\"wp-post\" data-elementor-id=\"7993\" class=\"elementor elementor-7993\" data-elementor-post-type=\"post\">\n\t\t\t\t\t\t<section class=\"elementor-section elementor-top-section elementor-element elementor-element-5b6766dc elementor-section-boxed elementor-section-height-default elementor-section-height-default\" data-id=\"5b6766dc\" data-element_type=\"section\" data-e-type=\"section\">\n\t\t\t\t\t\t<div class=\"elementor-container elementor-column-gap-default\">\n\t\t\t\t\t<div class=\"elementor-column elementor-col-100 elementor-top-column elementor-element elementor-element-3b0ca061\" data-id=\"3b0ca061\" data-element_type=\"column\" data-e-type=\"column\">\n\t\t\t<div class=\"elementor-widget-wrap elementor-element-populated\">\n\t\t\t\t\t\t<div class=\"elementor-element elementor-element-653fbea6 elementor-widget elementor-widget-text-editor\" data-id=\"653fbea6\" data-element_type=\"widget\" data-e-type=\"widget\" data-widget_type=\"text-editor.default\">\n\t\t\t\t<div class=\"elementor-widget-container\">\n\t\t\t\t\t\t\t\t\t<p><i><span style=\"font-weight: 400;\">New York, NY \u2013 Octubre de 2024<\/span><\/i><span style=\"font-weight: 400;\"> \u2013 Adriana Gudi\u00f1o, T\u00e9cnica Universitaria en Cosmiatr\u00eda y Est\u00e9tica por la Universidad de Kentucky (U.K.), ha sido galardonada en la categor\u00eda \u00c9pic de los Global Integral Beauty Awards 2024.<\/span><b> Este prestigioso reconocimiento destaca su destacada trayectoria y contribuciones significativas en el \u00e1mbito de la est\u00e9tica y la cosmiatr\u00eda.<\/b><\/p><p><span style=\"font-weight: 400;\">\u00a0<\/span><\/p><p><span style=\"font-weight: 400;\">Con una s\u00f3lida formaci\u00f3n acad\u00e9mica y una pasi\u00f3n inquebrantable por la est\u00e9tica, Adriana ha dedicado su carrera a la capacitaci\u00f3n nacional e internacional en est\u00e9tica, compartiendo su vasto conocimiento y experiencia con profesionales de todo el mundo. Como fundadora de <\/span><b>Adriana Gudi\u00f1o AG, ha establecido un est\u00e1ndar de excelencia en la industria<\/b><span style=\"font-weight: 400;\">, ofreciendo programas de formaci\u00f3n innovadores y de alta calidad que han transformado la pr\u00e1ctica de la est\u00e9tica en m\u00faltiples pa\u00edses.<\/span><\/p><p><span style=\"font-weight: 400;\">\u00a0<\/span><\/p><p><span style=\"font-weight: 400;\">El premio en la <\/span><b>categor\u00eda \u00c9pic se otorga a profesionales con m\u00e1s de 15 a\u00f1os de experiencia<\/b><span style=\"font-weight: 400;\"> que han demostrado maestr\u00eda y liderazgo en su campo, dejando una huella duradera en la industria. Adriana Gudi\u00f1o personifica estos valores, combinando experiencia, innovaci\u00f3n y un compromiso inquebrantable con la educaci\u00f3n y el desarrollo profesional en el sector de la est\u00e9tica.<\/span><\/p><p><span style=\"font-weight: 400;\">\u00a0<\/span><\/p><p><span style=\"font-weight: 400;\">Su dedicaci\u00f3n y pasi\u00f3n por la est\u00e9tica han inspirado a innumerables profesionales y han contribuido al avance de la industria a nivel global. Este reconocimiento en los Global Integral Beauty Awards 2024 es un testimonio de su impacto y liderazgo en el campo.<\/span><\/p>\t\t\t\t\t\t\t\t<\/div>\n\t\t\t\t<\/div>\n\t\t\t\t\t<\/div>\n\t\t<\/div>\n\t\t\t\t\t<\/div>\n\t\t<\/section>\n\t\t\t\t<section class=\"elementor-section elementor-top-section elementor-element elementor-element-2e12182 elementor-section-boxed elementor-section-height-default elementor-section-height-default\" data-id=\"2e12182\" data-element_type=\"section\" data-e-type=\"section\">\n\t\t\t\t\t\t<div class=\"elementor-container elementor-column-gap-default\">\n\t\t\t\t\t<div class=\"elementor-column elementor-col-100 elementor-top-column elementor-element elementor-element-ccff77a\" data-id=\"ccff77a\" data-element_type=\"column\" data-e-type=\"column\">\n\t\t\t<div class=\"elementor-widget-wrap elementor-element-populated\">\n\t\t\t\t\t\t<div class=\"elementor-element elementor-element-f4266c2 uael-img-grid__column-3 uael-img-grid-tablet__column-3 uael-img-grid-mobile__column-2 uael-ins-normal elementor-widget elementor-widget-uael-image-gallery\" data-id=\"f4266c2\" data-element_type=\"widget\" data-e-type=\"widget\" data-settings=\"{&quot;gallery_columns&quot;:&quot;3&quot;,&quot;gallery_columns_tablet&quot;:&quot;3&quot;,&quot;gallery_columns_mobile&quot;:&quot;2&quot;,&quot;column_gap&quot;:{&quot;unit&quot;:&quot;px&quot;,&quot;size&quot;:20,&quot;sizes&quot;:[]},&quot;column_gap_tablet&quot;:{&quot;unit&quot;:&quot;px&quot;,&quot;size&quot;:&quot;&quot;,&quot;sizes&quot;:[]},&quot;column_gap_mobile&quot;:{&quot;unit&quot;:&quot;px&quot;,&quot;size&quot;:&quot;&quot;,&quot;sizes&quot;:[]},&quot;row_gap&quot;:{&quot;unit&quot;:&quot;px&quot;,&quot;size&quot;:20,&quot;sizes&quot;:[]},&quot;row_gap_tablet&quot;:{&quot;unit&quot;:&quot;px&quot;,&quot;size&quot;:&quot;&quot;,&quot;sizes&quot;:[]},&quot;row_gap_mobile&quot;:{&quot;unit&quot;:&quot;px&quot;,&quot;size&quot;:&quot;&quot;,&quot;sizes&quot;:[]}}\" data-widget_type=\"uael-image-gallery.default\">\n\t\t\t\t<div class=\"elementor-widget-container\">\n\t\t\t\t\t<div class=\"uael-gallery-parent uael-caption- uael-gallery-unjustified\"><div class=\"uael-img-gallery-wrap uael-img-masonry-wrap uael-img-grid-masonry-wrap uael-masonry uael-image-lightbox-wrap\" data-filter-default=\"All\" data-lightbox_actions=\"[&quot;close&quot;]\" data-lightbox-gallery-loop=\"\"><div class=\"uael-grid-item  uael-img-gallery-item-1\"><div class=\"uael-grid-item-content\"><a class=\"uael-grid-img uael-grid-gallery-img uael-ins-hover elementor-clickable\" data-fancybox=\"uael-gallery\" href=\"https:\/\/globalintegralbeauty.com\/wp-content\/uploads\/2025\/02\/AdrianaGudino-1.jpg\" data-elementor-open-lightbox=\"no\"><div class=\"uael-grid-img-thumbnail uael-ins-target\"><img fetchpriority=\"high\" decoding=\"async\" width=\"899\" height=\"1418\" src=\"https:\/\/globalintegralbeauty.com\/wp-content\/uploads\/2025\/02\/AdrianaGudino-1.jpg\" class=\"attachment-full size-full wp-image-7999\" alt=\"\" srcset=\"https:\/\/globalintegralbeauty.com\/wp-content\/uploads\/2025\/02\/AdrianaGudino-1.jpg 899w, https:\/\/globalintegralbeauty.com\/wp-content\/uploads\/2025\/02\/AdrianaGudino-1-190x300.jpg 190w, https:\/\/globalintegralbeauty.com\/wp-content\/uploads\/2025\/02\/AdrianaGudino-1-649x1024.jpg 649w, https:\/\/globalintegralbeauty.com\/wp-content\/uploads\/2025\/02\/AdrianaGudino-1-768x1211.jpg 768w, https:\/\/globalintegralbeauty.com\/wp-content\/uploads\/2025\/02\/AdrianaGudino-1-8x12.jpg 8w, https:\/\/globalintegralbeauty.com\/wp-content\/uploads\/2025\/02\/AdrianaGudino-1-600x946.jpg 600w\" sizes=\"(max-width: 899px) 100vw, 899px\" \/><\/div><div class=\"uael-grid-img-overlay\"><\/div><\/a><\/div><\/div><div class=\"uael-grid-item  uael-img-gallery-item-2\"><div class=\"uael-grid-item-content\"><a class=\"uael-grid-img uael-grid-gallery-img uael-ins-hover elementor-clickable\" data-fancybox=\"uael-gallery\" href=\"https:\/\/globalintegralbeauty.com\/wp-content\/uploads\/2025\/02\/Adriana-Gudino-Friends-2.jpg\" data-elementor-open-lightbox=\"no\"><div class=\"uael-grid-img-thumbnail uael-ins-target\"><img decoding=\"async\" width=\"1380\" height=\"963\" src=\"https:\/\/globalintegralbeauty.com\/wp-content\/uploads\/2025\/02\/Adriana-Gudino-Friends-2.jpg\" class=\"attachment-full size-full wp-image-8000\" alt=\"\" srcset=\"https:\/\/globalintegralbeauty.com\/wp-content\/uploads\/2025\/02\/Adriana-Gudino-Friends-2.jpg 1380w, https:\/\/globalintegralbeauty.com\/wp-content\/uploads\/2025\/02\/Adriana-Gudino-Friends-2-300x209.jpg 300w, https:\/\/globalintegralbeauty.com\/wp-content\/uploads\/2025\/02\/Adriana-Gudino-Friends-2-1024x715.jpg 1024w, https:\/\/globalintegralbeauty.com\/wp-content\/uploads\/2025\/02\/Adriana-Gudino-Friends-2-768x536.jpg 768w, https:\/\/globalintegralbeauty.com\/wp-content\/uploads\/2025\/02\/Adriana-Gudino-Friends-2-18x12.jpg 18w, https:\/\/globalintegralbeauty.com\/wp-content\/uploads\/2025\/02\/Adriana-Gudino-Friends-2-600x419.jpg 600w\" sizes=\"(max-width: 1380px) 100vw, 1380px\" \/><\/div><div class=\"uael-grid-img-overlay\"><\/div><\/a><\/div><\/div><div class=\"uael-grid-item  uael-img-gallery-item-3\"><div class=\"uael-grid-item-content\"><a class=\"uael-grid-img uael-grid-gallery-img uael-ins-hover elementor-clickable\" data-fancybox=\"uael-gallery\" href=\"https:\/\/globalintegralbeauty.com\/wp-content\/uploads\/2025\/02\/AdrianaGudino-VeroBianco-2.jpg\" data-elementor-open-lightbox=\"no\"><div class=\"uael-grid-img-thumbnail uael-ins-target\"><img decoding=\"async\" width=\"1100\" height=\"1648\" src=\"https:\/\/globalintegralbeauty.com\/wp-content\/uploads\/2025\/02\/AdrianaGudino-VeroBianco-2.jpg\" class=\"attachment-full size-full wp-image-8001\" alt=\"\" srcset=\"https:\/\/globalintegralbeauty.com\/wp-content\/uploads\/2025\/02\/AdrianaGudino-VeroBianco-2.jpg 1100w, https:\/\/globalintegralbeauty.com\/wp-content\/uploads\/2025\/02\/AdrianaGudino-VeroBianco-2-200x300.jpg 200w, https:\/\/globalintegralbeauty.com\/wp-content\/uploads\/2025\/02\/AdrianaGudino-VeroBianco-2-683x1024.jpg 683w, https:\/\/globalintegralbeauty.com\/wp-content\/uploads\/2025\/02\/AdrianaGudino-VeroBianco-2-768x1151.jpg 768w, https:\/\/globalintegralbeauty.com\/wp-content\/uploads\/2025\/02\/AdrianaGudino-VeroBianco-2-1025x1536.jpg 1025w, https:\/\/globalintegralbeauty.com\/wp-content\/uploads\/2025\/02\/AdrianaGudino-VeroBianco-2-8x12.jpg 8w, https:\/\/globalintegralbeauty.com\/wp-content\/uploads\/2025\/02\/AdrianaGudino-VeroBianco-2-600x899.jpg 600w\" sizes=\"(max-width: 1100px) 100vw, 1100px\" \/><\/div><div class=\"uael-grid-img-overlay\"><\/div><\/a><\/div><\/div><\/div><\/div>\t\t\t\t<\/div>\n\t\t\t\t<\/div>\n\t\t\t\t\t<\/div>\n\t\t<\/div>\n\t\t\t\t\t<\/div>\n\t\t<\/section>\n\t\t\t\t<section class=\"elementor-section elementor-top-section elementor-element elementor-element-21f0a69e elementor-section-boxed elementor-section-height-default elementor-section-height-default\" data-id=\"21f0a69e\" data-element_type=\"section\" data-e-type=\"section\" data-settings=\"{&quot;background_background&quot;:&quot;classic&quot;}\">\n\t\t\t\t\t\t<div class=\"elementor-container elementor-column-gap-default\">\n\t\t\t\t\t<div class=\"elementor-column elementor-col-100 elementor-top-column elementor-element elementor-element-34d95f30\" data-id=\"34d95f30\" data-element_type=\"column\" data-e-type=\"column\">\n\t\t\t<div class=\"elementor-widget-wrap elementor-element-populated\">\n\t\t\t\t\t\t<div class=\"elementor-element elementor-element-174b4033 elementor-widget elementor-widget-heading\" data-id=\"174b4033\" data-element_type=\"widget\" data-e-type=\"widget\" data-widget_type=\"heading.default\">\n\t\t\t\t<div class=\"elementor-widget-container\">\n\t\t\t\t\t<h3 class=\"elementor-heading-title elementor-size-large\">M\u00e1s informaci\u00f3n, S\u00cdguela en:<\/h3>\t\t\t\t<\/div>\n\t\t\t\t<\/div>\n\t\t\t\t<div class=\"elementor-element elementor-element-134682e2 elementor-align-center elementor-icon-list--layout-traditional elementor-list-item-link-full_width elementor-widget elementor-widget-icon-list\" data-id=\"134682e2\" data-element_type=\"widget\" data-e-type=\"widget\" data-widget_type=\"icon-list.default\">\n\t\t\t\t<div class=\"elementor-widget-container\">\n\t\t\t\t\t\t\t<ul class=\"elementor-icon-list-items\">\n\t\t\t\t\t\t\t<li class=\"elementor-icon-list-item\">\n\t\t\t\t\t\t\t\t\t\t\t<a href=\"https:\/\/www.instagram.com\/ag_esteticarosario\" target=\"_blank\">\n\n\t\t\t\t\t\t\t\t\t\t\t\t<span class=\"elementor-icon-list-icon\">\n\t\t\t\t\t\t\t<i aria-hidden=\"true\" class=\"fab fa-instagram\"><\/i>\t\t\t\t\t\t<\/span>\n\t\t\t\t\t\t\t\t\t\t<span class=\"elementor-icon-list-text\">INSTAGRAM<\/span>\n\t\t\t\t\t\t\t\t\t\t\t<\/a>\n\t\t\t\t\t\t\t\t\t<\/li>\n\t\t\t\t\t\t<\/ul>\n\t\t\t\t\t\t<\/div>\n\t\t\t\t<\/div>\n\t\t\t\t\t<\/div>\n\t\t<\/div>\n\t\t\t\t\t<\/div>\n\t\t<\/section>\n\t\t\t\t<\/div>\n\t\t","protected":false},"excerpt":{"rendered":"<p>New York, NY \u2013 Octubre de 2024 \u2013 Adriana Gudi\u00f1o, T\u00e9cnica Universitaria en Cosmiatr\u00eda y Est\u00e9tica por la Universidad de Kentucky (U.K.), ha sido galardonada en la categor\u00eda \u00c9pic de los Global Integral Beauty Awards 2024. Este prestigioso reconocimiento destaca su destacada trayectoria y contribuciones significativas en el \u00e1mbito de la est\u00e9tica y la cosmiatr\u00eda. [&hellip;]<\/p>\n","protected":false},"author":1,"featured_media":7994,"comment_status":"open","ping_status":"open","sticky":false,"template":"","format":"standard","meta":{"footnotes":""},"categories":[37],"tags":[],"class_list":["post-7993","post","type-post","status-publish","format-standard","has-post-thumbnail","hentry","category-galardonados"],"aioseo_notices":[],"aioseo_head":"\n\t\t<!-- All in One SEO 5.0.0.1 - aioseo.com -->\n\t<meta name=\"description\" content=\"New York, NY \u2013 Octubre de 2024 \u2013 Adriana Gudi\u00f1o, T\u00e9cnica Universitaria en Cosmiatr\u00eda y Est\u00e9tica por la Universidad de Kentucky (U.K.), ha sido galardonada en la categor\u00eda \u00c9pic de los Global Integral Beauty Awards 2024. Este prestigioso reconocimiento destaca su destacada trayectoria y contribuciones significativas en el \u00e1mbito de la est\u00e9tica y la cosmiatr\u00eda. Con\" \/>\n\t<meta name=\"robots\" content=\"max-image-preview:large\" \/>\n\t<meta name=\"author\" content=\"integral.beauty\"\/>\n\t<link rel=\"canonical\" href=\"https:\/\/globalintegralbeauty.com\/en\/adriana-gudino-trayectoria-y-reconocimiento-en-los-global-integral-beauty-awards-2024\/\" \/>\n\t<meta name=\"generator\" content=\"All in One SEO (AIOSEO) 5.0.0.1\" \/>\n\t\t<meta property=\"og:locale\" content=\"en_US\" \/>\n\t\t<meta property=\"og:site_name\" content=\"Global Integral Beauty - Contenido especializado en Salud, Bienestar y Est\u00e9tica\" \/>\n\t\t<meta property=\"og:type\" content=\"article\" \/>\n\t\t<meta property=\"og:title\" content=\"Adriana Gudi\u00f1o: Trayectoria y Reconocimiento en los Global Integral Beauty Awards 2024 - Global Integral Beauty\" \/>\n\t\t<meta property=\"og:description\" content=\"New York, NY \u2013 Octubre de 2024 \u2013 Adriana Gudi\u00f1o, T\u00e9cnica Universitaria en Cosmiatr\u00eda y Est\u00e9tica por la Universidad de Kentucky (U.K.), ha sido galardonada en la categor\u00eda \u00c9pic de los Global Integral Beauty Awards 2024. Este prestigioso reconocimiento destaca su destacada trayectoria y contribuciones significativas en el \u00e1mbito de la est\u00e9tica y la cosmiatr\u00eda. Con\" \/>\n\t\t<meta property=\"og:url\" content=\"https:\/\/globalintegralbeauty.com\/en\/adriana-gudino-trayectoria-y-reconocimiento-en-los-global-integral-beauty-awards-2024\/\" \/>\n\t\t<meta property=\"og:image\" content=\"https:\/\/globalintegralbeauty.com\/wp-content\/uploads\/2025\/02\/AdrianaGudino-1.jpg\" \/>\n\t\t<meta property=\"og:image:secure_url\" content=\"https:\/\/globalintegralbeauty.com\/wp-content\/uploads\/2025\/02\/AdrianaGudino-1.jpg\" \/>\n\t\t<meta property=\"og:image:width\" content=\"899\" \/>\n\t\t<meta property=\"og:image:height\" content=\"1418\" \/>\n\t\t<meta property=\"article:published_time\" content=\"2025-02-07T14:23:19+00:00\" \/>\n\t\t<meta property=\"article:modified_time\" content=\"2025-02-07T14:27:19+00:00\" \/>\n\t\t<meta name=\"twitter:card\" content=\"summary_large_image\" \/>\n\t\t<meta name=\"twitter:title\" content=\"Adriana Gudi\u00f1o: Trayectoria y Reconocimiento en los Global Integral Beauty Awards 2024 - Global Integral Beauty\" \/>\n\t\t<meta name=\"twitter:description\" content=\"New York, NY \u2013 Octubre de 2024 \u2013 Adriana Gudi\u00f1o, T\u00e9cnica Universitaria en Cosmiatr\u00eda y Est\u00e9tica por la Universidad de Kentucky (U.K.), ha sido galardonada en la categor\u00eda \u00c9pic de los Global Integral Beauty Awards 2024. Este prestigioso reconocimiento destaca su destacada trayectoria y contribuciones significativas en el \u00e1mbito de la est\u00e9tica y la cosmiatr\u00eda. Con\" \/>\n\t\t<meta name=\"twitter:image\" content=\"https:\/\/globalintegralbeauty.com\/wp-content\/uploads\/2022\/05\/cropped-Revista.jpg\" \/>\n\t\t<script type=\"application\/ld+json\" class=\"aioseo-schema\">\n\t\t\t{\"@context\":\"https:\\\/\\\/schema.org\",\"@graph\":[{\"@type\":\"BlogPosting\",\"@id\":\"https:\\\/\\\/globalintegralbeauty.com\\\/en\\\/adriana-gudino-trayectoria-y-reconocimiento-en-los-global-integral-beauty-awards-2024\\\/#blogposting\",\"name\":\"Adriana Gudi\\u00f1o: Trayectoria y Reconocimiento en los Global Integral Beauty Awards 2024 - Global Integral Beauty\",\"headline\":\"Adriana Gudi\\u00f1o: Trayectoria y Reconocimiento en los Global Integral Beauty Awards 2024\",\"author\":{\"@id\":\"https:\\\/\\\/globalintegralbeauty.com\\\/en\\\/author\\\/admin\\\/#author\"},\"publisher\":{\"@id\":\"https:\\\/\\\/globalintegralbeauty.com\\\/en\\\/#organization\"},\"image\":{\"@type\":\"ImageObject\",\"url\":\"https:\\\/\\\/globalintegralbeauty.com\\\/wp-content\\\/uploads\\\/2025\\\/02\\\/ADRIANA-GUDINO.jpg\",\"width\":1440,\"height\":810},\"datePublished\":\"2025-02-07T09:23:19-05:00\",\"dateModified\":\"2025-02-07T09:27:19-05:00\",\"inLanguage\":\"en-US\",\"mainEntityOfPage\":{\"@id\":\"https:\\\/\\\/globalintegralbeauty.com\\\/en\\\/adriana-gudino-trayectoria-y-reconocimiento-en-los-global-integral-beauty-awards-2024\\\/#webpage\"},\"isPartOf\":{\"@id\":\"https:\\\/\\\/globalintegralbeauty.com\\\/en\\\/adriana-gudino-trayectoria-y-reconocimiento-en-los-global-integral-beauty-awards-2024\\\/#webpage\"},\"articleSection\":\"Galardonados\"},{\"@type\":\"BreadcrumbList\",\"@id\":\"https:\\\/\\\/globalintegralbeauty.com\\\/en\\\/adriana-gudino-trayectoria-y-reconocimiento-en-los-global-integral-beauty-awards-2024\\\/#breadcrumblist\",\"itemListElement\":[{\"@type\":\"ListItem\",\"@id\":\"https:\\\/\\\/globalintegralbeauty.com\\\/en#listItem\",\"position\":1,\"name\":\"Hogar\",\"item\":\"https:\\\/\\\/globalintegralbeauty.com\\\/en\",\"nextItem\":{\"@type\":\"ListItem\",\"@id\":\"https:\\\/\\\/globalintegralbeauty.com\\\/en\\\/category\\\/galardonados\\\/#listItem\",\"name\":\"Galardonados\"}},{\"@type\":\"ListItem\",\"@id\":\"https:\\\/\\\/globalintegralbeauty.com\\\/en\\\/category\\\/galardonados\\\/#listItem\",\"position\":2,\"name\":\"Galardonados\",\"item\":\"https:\\\/\\\/globalintegralbeauty.com\\\/en\\\/category\\\/galardonados\\\/\",\"nextItem\":{\"@type\":\"ListItem\",\"@id\":\"https:\\\/\\\/globalintegralbeauty.com\\\/en\\\/adriana-gudino-trayectoria-y-reconocimiento-en-los-global-integral-beauty-awards-2024\\\/#listItem\",\"name\":\"Adriana Gudi\\u00f1o: Trayectoria y Reconocimiento en los Global Integral Beauty Awards 2024\"},\"previousItem\":{\"@type\":\"ListItem\",\"@id\":\"https:\\\/\\\/globalintegralbeauty.com\\\/en#listItem\",\"name\":\"Hogar\"}},{\"@type\":\"ListItem\",\"@id\":\"https:\\\/\\\/globalintegralbeauty.com\\\/en\\\/adriana-gudino-trayectoria-y-reconocimiento-en-los-global-integral-beauty-awards-2024\\\/#listItem\",\"position\":3,\"name\":\"Adriana Gudi\\u00f1o: Trayectoria y Reconocimiento en los Global Integral Beauty Awards 2024\",\"previousItem\":{\"@type\":\"ListItem\",\"@id\":\"https:\\\/\\\/globalintegralbeauty.com\\\/en\\\/category\\\/galardonados\\\/#listItem\",\"name\":\"Galardonados\"}}]},{\"@type\":\"Organization\",\"@id\":\"https:\\\/\\\/globalintegralbeauty.com\\\/en\\\/#organization\",\"name\":\"Global Integral Beauty\",\"description\":\"Contenido especializado en Salud, Bienestar y Est\\u00e9tica\",\"url\":\"https:\\\/\\\/globalintegralbeauty.com\\\/en\\\/\",\"logo\":{\"@type\":\"ImageObject\",\"url\":\"https:\\\/\\\/globalintegralbeauty.com\\\/wp-content\\\/uploads\\\/2022\\\/05\\\/cropped-Revista.jpg\",\"@id\":\"https:\\\/\\\/globalintegralbeauty.com\\\/en\\\/adriana-gudino-trayectoria-y-reconocimiento-en-los-global-integral-beauty-awards-2024\\\/#organizationLogo\",\"width\":512,\"height\":512},\"image\":{\"@id\":\"https:\\\/\\\/globalintegralbeauty.com\\\/en\\\/adriana-gudino-trayectoria-y-reconocimiento-en-los-global-integral-beauty-awards-2024\\\/#organizationLogo\"}},{\"@type\":\"Person\",\"@id\":\"https:\\\/\\\/globalintegralbeauty.com\\\/en\\\/author\\\/admin\\\/#author\",\"url\":\"https:\\\/\\\/globalintegralbeauty.com\\\/en\\\/author\\\/admin\\\/\",\"name\":\"integral.beauty\"},{\"@type\":\"WebPage\",\"@id\":\"https:\\\/\\\/globalintegralbeauty.com\\\/en\\\/adriana-gudino-trayectoria-y-reconocimiento-en-los-global-integral-beauty-awards-2024\\\/#webpage\",\"url\":\"https:\\\/\\\/globalintegralbeauty.com\\\/en\\\/adriana-gudino-trayectoria-y-reconocimiento-en-los-global-integral-beauty-awards-2024\\\/\",\"name\":\"Adriana Gudi\\u00f1o: Trayectoria y Reconocimiento en los Global Integral Beauty Awards 2024 - Global Integral Beauty\",\"description\":\"New York, NY \\u2013 Octubre de 2024 \\u2013 Adriana Gudi\\u00f1o, T\\u00e9cnica Universitaria en Cosmiatr\\u00eda y Est\\u00e9tica por la Universidad de Kentucky (U.K.), ha sido galardonada en la categor\\u00eda \\u00c9pic de los Global Integral Beauty Awards 2024. Este prestigioso reconocimiento destaca su destacada trayectoria y contribuciones significativas en el \\u00e1mbito de la est\\u00e9tica y la cosmiatr\\u00eda. Con\",\"inLanguage\":\"en-US\",\"isPartOf\":{\"@id\":\"https:\\\/\\\/globalintegralbeauty.com\\\/en\\\/#website\"},\"breadcrumb\":{\"@id\":\"https:\\\/\\\/globalintegralbeauty.com\\\/en\\\/adriana-gudino-trayectoria-y-reconocimiento-en-los-global-integral-beauty-awards-2024\\\/#breadcrumblist\"},\"author\":{\"@id\":\"https:\\\/\\\/globalintegralbeauty.com\\\/en\\\/author\\\/admin\\\/#author\"},\"creator\":{\"@id\":\"https:\\\/\\\/globalintegralbeauty.com\\\/en\\\/author\\\/admin\\\/#author\"},\"image\":{\"@type\":\"ImageObject\",\"url\":\"https:\\\/\\\/globalintegralbeauty.com\\\/wp-content\\\/uploads\\\/2025\\\/02\\\/ADRIANA-GUDINO.jpg\",\"@id\":\"https:\\\/\\\/globalintegralbeauty.com\\\/en\\\/adriana-gudino-trayectoria-y-reconocimiento-en-los-global-integral-beauty-awards-2024\\\/#mainImage\",\"width\":1440,\"height\":810},\"primaryImageOfPage\":{\"@id\":\"https:\\\/\\\/globalintegralbeauty.com\\\/en\\\/adriana-gudino-trayectoria-y-reconocimiento-en-los-global-integral-beauty-awards-2024\\\/#mainImage\"},\"datePublished\":\"2025-02-07T09:23:19-05:00\",\"dateModified\":\"2025-02-07T09:27:19-05:00\"},{\"@type\":\"WebSite\",\"@id\":\"https:\\\/\\\/globalintegralbeauty.com\\\/en\\\/#website\",\"url\":\"https:\\\/\\\/globalintegralbeauty.com\\\/en\\\/\",\"name\":\"Global Integral Beauty\",\"description\":\"Contenido especializado en Salud, Bienestar y Est\\u00e9tica\",\"inLanguage\":\"en-US\",\"publisher\":{\"@id\":\"https:\\\/\\\/globalintegralbeauty.com\\\/en\\\/#organization\"}}]}\n\t\t<\/script>\n\t\t<!-- All in One SEO -->\n\n","aioseo_head_json":{"title":"Adriana Gudi\u00f1o: Trayectoria y Reconocimiento en los Global Integral Beauty Awards 2024 - Global Integral Beauty","description":"New York, NY \u2013 Octubre de 2024 \u2013 Adriana Gudi\u00f1o, T\u00e9cnica Universitaria en Cosmiatr\u00eda y Est\u00e9tica por la Universidad de Kentucky (U.K.), ha sido galardonada en la categor\u00eda \u00c9pic de los Global Integral Beauty Awards 2024. Este prestigioso reconocimiento destaca su destacada trayectoria y contribuciones significativas en el \u00e1mbito de la est\u00e9tica y la cosmiatr\u00eda. Con","canonical_url":"https:\/\/globalintegralbeauty.com\/en\/adriana-gudino-trayectoria-y-reconocimiento-en-los-global-integral-beauty-awards-2024\/","robots":"max-image-preview:large","keywords":"","webmasterTools":{"miscellaneous":""},"schema":{"@context":"https:\/\/schema.org","@graph":[{"@type":"BlogPosting","@id":"https:\/\/globalintegralbeauty.com\/en\/adriana-gudino-trayectoria-y-reconocimiento-en-los-global-integral-beauty-awards-2024\/#blogposting","name":"Adriana Gudi\u00f1o: Trayectoria y Reconocimiento en los Global Integral Beauty Awards 2024 - Global Integral Beauty","headline":"Adriana Gudi\u00f1o: Trayectoria y Reconocimiento en los Global Integral Beauty Awards 2024","author":{"@id":"https:\/\/globalintegralbeauty.com\/en\/author\/admin\/#author"},"publisher":{"@id":"https:\/\/globalintegralbeauty.com\/en\/#organization"},"image":{"@type":"ImageObject","url":"https:\/\/globalintegralbeauty.com\/wp-content\/uploads\/2025\/02\/ADRIANA-GUDINO.jpg","width":1440,"height":810},"datePublished":"2025-02-07T09:23:19-05:00","dateModified":"2025-02-07T09:27:19-05:00","inLanguage":"en-US","mainEntityOfPage":{"@id":"https:\/\/globalintegralbeauty.com\/en\/adriana-gudino-trayectoria-y-reconocimiento-en-los-global-integral-beauty-awards-2024\/#webpage"},"isPartOf":{"@id":"https:\/\/globalintegralbeauty.com\/en\/adriana-gudino-trayectoria-y-reconocimiento-en-los-global-integral-beauty-awards-2024\/#webpage"},"articleSection":"Galardonados"},{"@type":"BreadcrumbList","@id":"https:\/\/globalintegralbeauty.com\/en\/adriana-gudino-trayectoria-y-reconocimiento-en-los-global-integral-beauty-awards-2024\/#breadcrumblist","itemListElement":[{"@type":"ListItem","@id":"https:\/\/globalintegralbeauty.com\/en#listItem","position":1,"name":"Hogar","item":"https:\/\/globalintegralbeauty.com\/en","nextItem":{"@type":"ListItem","@id":"https:\/\/globalintegralbeauty.com\/en\/category\/galardonados\/#listItem","name":"Galardonados"}},{"@type":"ListItem","@id":"https:\/\/globalintegralbeauty.com\/en\/category\/galardonados\/#listItem","position":2,"name":"Galardonados","item":"https:\/\/globalintegralbeauty.com\/en\/category\/galardonados\/","nextItem":{"@type":"ListItem","@id":"https:\/\/globalintegralbeauty.com\/en\/adriana-gudino-trayectoria-y-reconocimiento-en-los-global-integral-beauty-awards-2024\/#listItem","name":"Adriana Gudi\u00f1o: Trayectoria y Reconocimiento en los Global Integral Beauty Awards 2024"},"previousItem":{"@type":"ListItem","@id":"https:\/\/globalintegralbeauty.com\/en#listItem","name":"Hogar"}},{"@type":"ListItem","@id":"https:\/\/globalintegralbeauty.com\/en\/adriana-gudino-trayectoria-y-reconocimiento-en-los-global-integral-beauty-awards-2024\/#listItem","position":3,"name":"Adriana Gudi\u00f1o: Trayectoria y Reconocimiento en los Global Integral Beauty Awards 2024","previousItem":{"@type":"ListItem","@id":"https:\/\/globalintegralbeauty.com\/en\/category\/galardonados\/#listItem","name":"Galardonados"}}]},{"@type":"Organization","@id":"https:\/\/globalintegralbeauty.com\/en\/#organization","name":"Global Integral Beauty","description":"Contenido especializado en Salud, Bienestar y Est\u00e9tica","url":"https:\/\/globalintegralbeauty.com\/en\/","logo":{"@type":"ImageObject","url":"https:\/\/globalintegralbeauty.com\/wp-content\/uploads\/2022\/05\/cropped-Revista.jpg","@id":"https:\/\/globalintegralbeauty.com\/en\/adriana-gudino-trayectoria-y-reconocimiento-en-los-global-integral-beauty-awards-2024\/#organizationLogo","width":512,"height":512},"image":{"@id":"https:\/\/globalintegralbeauty.com\/en\/adriana-gudino-trayectoria-y-reconocimiento-en-los-global-integral-beauty-awards-2024\/#organizationLogo"}},{"@type":"Person","@id":"https:\/\/globalintegralbeauty.com\/en\/author\/admin\/#author","url":"https:\/\/globalintegralbeauty.com\/en\/author\/admin\/","name":"integral.beauty"},{"@type":"WebPage","@id":"https:\/\/globalintegralbeauty.com\/en\/adriana-gudino-trayectoria-y-reconocimiento-en-los-global-integral-beauty-awards-2024\/#webpage","url":"https:\/\/globalintegralbeauty.com\/en\/adriana-gudino-trayectoria-y-reconocimiento-en-los-global-integral-beauty-awards-2024\/","name":"Adriana Gudi\u00f1o: Trayectoria y Reconocimiento en los Global Integral Beauty Awards 2024 - Global Integral Beauty","description":"New York, NY \u2013 Octubre de 2024 \u2013 Adriana Gudi\u00f1o, T\u00e9cnica Universitaria en Cosmiatr\u00eda y Est\u00e9tica por la Universidad de Kentucky (U.K.), ha sido galardonada en la categor\u00eda \u00c9pic de los Global Integral Beauty Awards 2024. Este prestigioso reconocimiento destaca su destacada trayectoria y contribuciones significativas en el \u00e1mbito de la est\u00e9tica y la cosmiatr\u00eda. Con","inLanguage":"en-US","isPartOf":{"@id":"https:\/\/globalintegralbeauty.com\/en\/#website"},"breadcrumb":{"@id":"https:\/\/globalintegralbeauty.com\/en\/adriana-gudino-trayectoria-y-reconocimiento-en-los-global-integral-beauty-awards-2024\/#breadcrumblist"},"author":{"@id":"https:\/\/globalintegralbeauty.com\/en\/author\/admin\/#author"},"creator":{"@id":"https:\/\/globalintegralbeauty.com\/en\/author\/admin\/#author"},"image":{"@type":"ImageObject","url":"https:\/\/globalintegralbeauty.com\/wp-content\/uploads\/2025\/02\/ADRIANA-GUDINO.jpg","@id":"https:\/\/globalintegralbeauty.com\/en\/adriana-gudino-trayectoria-y-reconocimiento-en-los-global-integral-beauty-awards-2024\/#mainImage","width":1440,"height":810},"primaryImageOfPage":{"@id":"https:\/\/globalintegralbeauty.com\/en\/adriana-gudino-trayectoria-y-reconocimiento-en-los-global-integral-beauty-awards-2024\/#mainImage"},"datePublished":"2025-02-07T09:23:19-05:00","dateModified":"2025-02-07T09:27:19-05:00"},{"@type":"WebSite","@id":"https:\/\/globalintegralbeauty.com\/en\/#website","url":"https:\/\/globalintegralbeauty.com\/en\/","name":"Global Integral Beauty","description":"Contenido especializado en Salud, Bienestar y Est\u00e9tica","inLanguage":"en-US","publisher":{"@id":"https:\/\/globalintegralbeauty.com\/en\/#organization"}}]},"og:locale":"en_US","og:site_name":"Global Integral Beauty - Contenido especializado en Salud, Bienestar y Est\u00e9tica","og:type":"article","og:title":"Adriana Gudi\u00f1o: Trayectoria y Reconocimiento en los Global Integral Beauty Awards 2024 - Global Integral Beauty","og:description":"New York, NY \u2013 Octubre de 2024 \u2013 Adriana Gudi\u00f1o, T\u00e9cnica Universitaria en Cosmiatr\u00eda y Est\u00e9tica por la Universidad de Kentucky (U.K.), ha sido galardonada en la categor\u00eda \u00c9pic de los Global Integral Beauty Awards 2024. Este prestigioso reconocimiento destaca su destacada trayectoria y contribuciones significativas en el \u00e1mbito de la est\u00e9tica y la cosmiatr\u00eda. Con","og:url":"https:\/\/globalintegralbeauty.com\/en\/adriana-gudino-trayectoria-y-reconocimiento-en-los-global-integral-beauty-awards-2024\/","og:image":"https:\/\/globalintegralbeauty.com\/wp-content\/uploads\/2025\/02\/AdrianaGudino-1.jpg","og:image:secure_url":"https:\/\/globalintegralbeauty.com\/wp-content\/uploads\/2025\/02\/AdrianaGudino-1.jpg","og:image:width":899,"og:image:height":1418,"article:published_time":"2025-02-07T14:23:19+00:00","article:modified_time":"2025-02-07T14:27:19+00:00","twitter:card":"summary_large_image","twitter:title":"Adriana Gudi\u00f1o: Trayectoria y Reconocimiento en los Global Integral Beauty Awards 2024 - Global Integral Beauty","twitter:description":"New York, NY \u2013 Octubre de 2024 \u2013 Adriana Gudi\u00f1o, T\u00e9cnica Universitaria en Cosmiatr\u00eda y Est\u00e9tica por la Universidad de Kentucky (U.K.), ha sido galardonada en la categor\u00eda \u00c9pic de los Global Integral Beauty Awards 2024. Este prestigioso reconocimiento destaca su destacada trayectoria y contribuciones significativas en el \u00e1mbito de la est\u00e9tica y la cosmiatr\u00eda. Con","twitter:image":"https:\/\/globalintegralbeauty.com\/wp-content\/uploads\/2022\/05\/cropped-Revista.jpg"},"aioseo_meta_data":{"post_id":"7993","title":null,"description":null,"keywords":null,"keyphrases":{"focus":{"keyphrase":"","score":0,"analysis":{"keyphraseInTitle":{"score":0,"maxScore":9,"error":1}}},"additional":[]},"primary_term":null,"canonical_url":null,"og_title":null,"og_description":null,"og_object_type":"default","og_image_type":"default","og_image_url":null,"og_image_width":null,"og_image_height":null,"og_image_custom_url":null,"og_image_custom_fields":null,"og_video":"","og_custom_url":null,"og_article_section":null,"og_article_tags":null,"twitter_use_og":false,"twitter_card":"default","twitter_image_type":"default","twitter_image_url":null,"twitter_image_custom_url":null,"twitter_image_custom_fields":null,"twitter_title":null,"twitter_description":null,"schema":{"blockGraphs":[],"customGraphs":[],"default":{"data":{"Article":[],"Course":[],"Dataset":[],"FAQPage":[],"Movie":[],"Person":[],"Product":[],"ProductReview":[],"Car":[],"Recipe":[],"Service":[],"SoftwareApplication":[],"WebPage":[]},"graphName":"BlogPosting","isEnabled":true},"graphs":[]},"schema_type":"default","schema_type_options":null,"pillar_content":false,"robots_default":true,"robots_noindex":false,"robots_noarchive":false,"robots_nosnippet":false,"robots_nofollow":false,"robots_noimageindex":false,"robots_noodp":false,"robots_notranslate":false,"robots_max_snippet":"-1","robots_max_videopreview":"-1","robots_max_imagepreview":"large","priority":null,"frequency":"default","local_seo":null,"breadcrumb_settings":null,"limit_modified_date":false,"ai":null,"created":"2025-02-07 14:23:19","updated":"2025-07-17 23:41:41","seo_analyzer_scan_date":null,"focus_keyword":null,"additional_keywords":null,"truseo_locale":null},"aioseo_breadcrumb":"<div class=\"aioseo-breadcrumbs\"><span class=\"aioseo-breadcrumb\">\n\t\t\t<a href=\"https:\/\/globalintegralbeauty.com\/en\" title=\"Hogar\">Hogar<\/a>\n\t\t<\/span><span class=\"aioseo-breadcrumb-separator\">&raquo;<\/span><span class=\"aioseo-breadcrumb\">\n\t\t\t<a href=\"https:\/\/globalintegralbeauty.com\/en\/category\/galardonados\/\" title=\"Galardonados\">Galardonados<\/a>\n\t\t<\/span><span class=\"aioseo-breadcrumb-separator\">&raquo;<\/span><span class=\"aioseo-breadcrumb\">\n\t\t\tAdriana Gudi\u00f1o: Trayectoria y Reconocimiento en los Global Integral Beauty Awards 2024\n\t\t<\/span><\/div>","aioseo_breadcrumb_json":[{"label":"Hogar","link":"https:\/\/globalintegralbeauty.com\/en"},{"label":"Galardonados","link":"https:\/\/globalintegralbeauty.com\/en\/category\/galardonados\/"},{"label":"Adriana Gudi\u00f1o: Trayectoria y Reconocimiento en los Global Integral Beauty Awards 2024","link":"https:\/\/globalintegralbeauty.com\/en\/adriana-gudino-trayectoria-y-reconocimiento-en-los-global-integral-beauty-awards-2024\/"}],"_links":{"self":[{"href":"https:\/\/globalintegralbeauty.com\/en\/wp-json\/wp\/v2\/posts\/7993","targetHints":{"allow":["GET"]}}],"collection":[{"href":"https:\/\/globalintegralbeauty.com\/en\/wp-json\/wp\/v2\/posts"}],"about":[{"href":"https:\/\/globalintegralbeauty.com\/en\/wp-json\/wp\/v2\/types\/post"}],"author":[{"embeddable":true,"href":"https:\/\/globalintegralbeauty.com\/en\/wp-json\/wp\/v2\/users\/1"}],"replies":[{"embeddable":true,"href":"https:\/\/globalintegralbeauty.com\/en\/wp-json\/wp\/v2\/comments?post=7993"}],"version-history":[{"count":7,"href":"https:\/\/globalintegralbeauty.com\/en\/wp-json\/wp\/v2\/posts\/7993\/revisions"}],"predecessor-version":[{"id":8004,"href":"https:\/\/globalintegralbeauty.com\/en\/wp-json\/wp\/v2\/posts\/7993\/revisions\/8004"}],"wp:featuredmedia":[{"embeddable":true,"href":"https:\/\/globalintegralbeauty.com\/en\/wp-json\/wp\/v2\/media\/7994"}],"wp:attachment":[{"href":"https:\/\/globalintegralbeauty.com\/en\/wp-json\/wp\/v2\/media?parent=7993"}],"wp:term":[{"taxonomy":"category","embeddable":true,"href":"https:\/\/globalintegralbeauty.com\/en\/wp-json\/wp\/v2\/categories?post=7993"},{"taxonomy":"post_tag","embeddable":true,"href":"https:\/\/globalintegralbeauty.com\/en\/wp-json\/wp\/v2\/tags?post=7993"}],"curies":[{"name":"wp","href":"https:\/\/api.w.org\/{rel}","templated":true}]}}