{"id":7725,"date":"2025-02-05T15:33:37","date_gmt":"2025-02-05T20:33:37","guid":{"rendered":"https:\/\/globalintegralbeauty.com\/?p=7725"},"modified":"2025-02-05T15:36:44","modified_gmt":"2025-02-05T20:36:44","slug":"rodrigo-garcia","status":"publish","type":"post","link":"https:\/\/globalintegralbeauty.com\/en\/rodrigo-garcia\/","title":{"rendered":"Rodrigo Garc\u00eda Recibe Reconocimiento en los GIB Awards 2024 como Embajador Destacado de la Belleza Integral"},"content":{"rendered":"\t\t<div data-elementor-type=\"wp-post\" data-elementor-id=\"7725\" class=\"elementor elementor-7725\" data-elementor-post-type=\"post\">\n\t\t\t\t\t\t<section class=\"elementor-section elementor-top-section elementor-element elementor-element-1d189ad elementor-section-boxed elementor-section-height-default elementor-section-height-default\" data-id=\"1d189ad\" data-element_type=\"section\" data-e-type=\"section\">\n\t\t\t\t\t\t<div class=\"elementor-container elementor-column-gap-default\">\n\t\t\t\t\t<div class=\"elementor-column elementor-col-100 elementor-top-column elementor-element elementor-element-0d33157\" data-id=\"0d33157\" data-element_type=\"column\" data-e-type=\"column\">\n\t\t\t<div class=\"elementor-widget-wrap elementor-element-populated\">\n\t\t\t\t\t\t<div class=\"elementor-element elementor-element-c49c4ba elementor-widget elementor-widget-text-editor\" data-id=\"c49c4ba\" data-element_type=\"widget\" data-e-type=\"widget\" data-widget_type=\"text-editor.default\">\n\t\t\t\t<div class=\"elementor-widget-container\">\n\t\t\t\t\t\t\t\t\t<p><span style=\"font-weight: 400;\">Buenos Aires, Argentina \u2013 El pasado 5 de octubre, en el marco de la prestigiosa ceremonia de los <\/span><b>Global Integral Beauty Awards 2024<\/b><span style=\"font-weight: 400;\">, Rodrigo Garc\u00eda, un visionario empresario y profesional de la est\u00e9tica, fue galardonado en la categor\u00eda <\/span><b>Epic<\/b><span style=\"font-weight: 400;\">, reconociendo su destacada trayectoria y contribuci\u00f3n al sector de la belleza y el bienestar.<\/span><\/p><p><span style=\"font-weight: 400;\">\u00a0<\/span><\/p><p><span style=\"font-weight: 400;\">Rodrigo, contador p\u00fablico con especializaci\u00f3n en <\/span><b>Marketing Estrat\u00e9gico<\/b><span style=\"font-weight: 400;\">, es el propietario de tres exitosos centros de est\u00e9tica en Buenos Aires, donde integra sus conocimientos como <\/span><b>cosmet\u00f3logo, esteticista, masoterapeuta y reikista<\/b><span style=\"font-weight: 400;\">. Su enfoque combina t\u00e9cnicas innovadoras y una visi\u00f3n hol\u00edstica que ha transformado la experiencia de sus clientes y marcado un est\u00e1ndar de excelencia en la industria.<\/span><\/p><p><span style=\"font-weight: 400;\">Adem\u00e1s de su labor empresarial, Rodrigo desempe\u00f1a un papel crucial como <\/span><b>Embajador de Global Integral Beauty<\/b><span style=\"font-weight: 400;\">, impulsando la misi\u00f3n de conectar y empoderar a profesionales del bienestar y la est\u00e9tica en todo el mundo.<\/span><\/p><p><span style=\"font-weight: 400;\">\u00a0<\/span><\/p><p><span style=\"font-weight: 400;\">Este reconocimiento no solo celebra sus logros como l\u00edder en el sector, sino tambi\u00e9n su compromiso con el crecimiento y la educaci\u00f3n de la comunidad profesional. La dedicaci\u00f3n de Rodrigo es un ejemplo de c\u00f3mo la pasi\u00f3n, la innovaci\u00f3n y la perseverancia pueden inspirar cambios significativos en el mundo de la belleza integral.<\/span><\/p><p><span style=\"font-weight: 400;\">\u00a0<\/span><\/p><p><span style=\"font-weight: 400;\">\u00a1<strong>Felicitamos a Rodrigo Garc\u00eda por este merecido galard\u00f3n y esperamos seguir viendo su impacto en la industria!<\/strong><\/span><\/p>\t\t\t\t\t\t\t\t<\/div>\n\t\t\t\t<\/div>\n\t\t\t\t\t<\/div>\n\t\t<\/div>\n\t\t\t\t\t<\/div>\n\t\t<\/section>\n\t\t\t\t<section class=\"elementor-section elementor-top-section elementor-element elementor-element-1fedba8 elementor-section-boxed elementor-section-height-default elementor-section-height-default\" data-id=\"1fedba8\" data-element_type=\"section\" data-e-type=\"section\">\n\t\t\t\t\t\t<div class=\"elementor-container elementor-column-gap-default\">\n\t\t\t\t\t<div class=\"elementor-column elementor-col-100 elementor-top-column elementor-element elementor-element-6497a9c\" data-id=\"6497a9c\" data-element_type=\"column\" data-e-type=\"column\">\n\t\t\t<div class=\"elementor-widget-wrap elementor-element-populated\">\n\t\t\t\t\t\t<div class=\"elementor-element elementor-element-eea0ad2 uael-img-grid__column-3 uael-img-grid-tablet__column-3 uael-img-grid-mobile__column-2 uael-ins-normal elementor-widget elementor-widget-uael-image-gallery\" data-id=\"eea0ad2\" data-element_type=\"widget\" data-e-type=\"widget\" data-settings=\"{&quot;gallery_columns&quot;:&quot;3&quot;,&quot;gallery_columns_tablet&quot;:&quot;3&quot;,&quot;gallery_columns_mobile&quot;:&quot;2&quot;,&quot;column_gap&quot;:{&quot;unit&quot;:&quot;px&quot;,&quot;size&quot;:20,&quot;sizes&quot;:[]},&quot;column_gap_tablet&quot;:{&quot;unit&quot;:&quot;px&quot;,&quot;size&quot;:&quot;&quot;,&quot;sizes&quot;:[]},&quot;column_gap_mobile&quot;:{&quot;unit&quot;:&quot;px&quot;,&quot;size&quot;:&quot;&quot;,&quot;sizes&quot;:[]},&quot;row_gap&quot;:{&quot;unit&quot;:&quot;px&quot;,&quot;size&quot;:20,&quot;sizes&quot;:[]},&quot;row_gap_tablet&quot;:{&quot;unit&quot;:&quot;px&quot;,&quot;size&quot;:&quot;&quot;,&quot;sizes&quot;:[]},&quot;row_gap_mobile&quot;:{&quot;unit&quot;:&quot;px&quot;,&quot;size&quot;:&quot;&quot;,&quot;sizes&quot;:[]}}\" data-widget_type=\"uael-image-gallery.default\">\n\t\t\t\t<div class=\"elementor-widget-container\">\n\t\t\t\t\t<div class=\"uael-gallery-parent uael-caption- uael-gallery-unjustified\"><div class=\"uael-img-gallery-wrap uael-img-masonry-wrap uael-img-grid-masonry-wrap uael-masonry uael-image-lightbox-wrap\" data-filter-default=\"All\" data-lightbox_actions=\"[&quot;close&quot;]\" data-lightbox-gallery-loop=\"\"><div class=\"uael-grid-item  uael-img-gallery-item-1\"><div class=\"uael-grid-item-content\"><a class=\"uael-grid-img uael-grid-gallery-img uael-ins-hover elementor-clickable\" data-fancybox=\"uael-gallery\" href=\"https:\/\/globalintegralbeauty.com\/wp-content\/uploads\/2025\/02\/Dra.RimaAndFriends.png\" data-elementor-open-lightbox=\"no\"><div class=\"uael-grid-img-thumbnail uael-ins-target\"><img fetchpriority=\"high\" decoding=\"async\" width=\"1116\" height=\"919\" src=\"https:\/\/globalintegralbeauty.com\/wp-content\/uploads\/2025\/02\/Dra.RimaAndFriends.png\" class=\"attachment-full size-full wp-image-7728\" alt=\"\" srcset=\"https:\/\/globalintegralbeauty.com\/wp-content\/uploads\/2025\/02\/Dra.RimaAndFriends.png 1116w, https:\/\/globalintegralbeauty.com\/wp-content\/uploads\/2025\/02\/Dra.RimaAndFriends-300x247.png 300w, https:\/\/globalintegralbeauty.com\/wp-content\/uploads\/2025\/02\/Dra.RimaAndFriends-1024x843.png 1024w, https:\/\/globalintegralbeauty.com\/wp-content\/uploads\/2025\/02\/Dra.RimaAndFriends-768x632.png 768w, https:\/\/globalintegralbeauty.com\/wp-content\/uploads\/2025\/02\/Dra.RimaAndFriends-15x12.png 15w, https:\/\/globalintegralbeauty.com\/wp-content\/uploads\/2025\/02\/Dra.RimaAndFriends-600x494.png 600w\" sizes=\"(max-width: 1116px) 100vw, 1116px\" \/><\/div><div class=\"uael-grid-img-overlay\"><\/div><\/a><\/div><\/div><div class=\"uael-grid-item  uael-img-gallery-item-2\"><div class=\"uael-grid-item-content\"><a class=\"uael-grid-img uael-grid-gallery-img uael-ins-hover elementor-clickable\" data-fancybox=\"uael-gallery\" href=\"https:\/\/globalintegralbeauty.com\/wp-content\/uploads\/2025\/02\/RodrigoMoroPremio.png\" data-elementor-open-lightbox=\"no\"><div class=\"uael-grid-img-thumbnail uael-ins-target\"><img decoding=\"async\" width=\"960\" height=\"1122\" src=\"https:\/\/globalintegralbeauty.com\/wp-content\/uploads\/2025\/02\/RodrigoMoroPremio.png\" class=\"attachment-full size-full wp-image-7733\" alt=\"\" srcset=\"https:\/\/globalintegralbeauty.com\/wp-content\/uploads\/2025\/02\/RodrigoMoroPremio.png 960w, https:\/\/globalintegralbeauty.com\/wp-content\/uploads\/2025\/02\/RodrigoMoroPremio-257x300.png 257w, https:\/\/globalintegralbeauty.com\/wp-content\/uploads\/2025\/02\/RodrigoMoroPremio-876x1024.png 876w, https:\/\/globalintegralbeauty.com\/wp-content\/uploads\/2025\/02\/RodrigoMoroPremio-768x898.png 768w, https:\/\/globalintegralbeauty.com\/wp-content\/uploads\/2025\/02\/RodrigoMoroPremio-10x12.png 10w, https:\/\/globalintegralbeauty.com\/wp-content\/uploads\/2025\/02\/RodrigoMoroPremio-600x701.png 600w\" sizes=\"(max-width: 960px) 100vw, 960px\" \/><\/div><div class=\"uael-grid-img-overlay\"><\/div><\/a><\/div><\/div><div class=\"uael-grid-item  uael-img-gallery-item-3\"><div class=\"uael-grid-item-content\"><a class=\"uael-grid-img uael-grid-gallery-img uael-ins-hover elementor-clickable\" data-fancybox=\"uael-gallery\" href=\"https:\/\/globalintegralbeauty.com\/wp-content\/uploads\/2025\/02\/Global-Integral-Beauty-2024-767-1.jpg\" data-elementor-open-lightbox=\"no\"><div class=\"uael-grid-img-thumbnail uael-ins-target\"><img decoding=\"async\" width=\"2048\" height=\"1367\" src=\"https:\/\/globalintegralbeauty.com\/wp-content\/uploads\/2025\/02\/Global-Integral-Beauty-2024-767-1.jpg\" class=\"attachment-full size-full wp-image-7729\" alt=\"\" srcset=\"https:\/\/globalintegralbeauty.com\/wp-content\/uploads\/2025\/02\/Global-Integral-Beauty-2024-767-1.jpg 2048w, https:\/\/globalintegralbeauty.com\/wp-content\/uploads\/2025\/02\/Global-Integral-Beauty-2024-767-1-300x200.jpg 300w, https:\/\/globalintegralbeauty.com\/wp-content\/uploads\/2025\/02\/Global-Integral-Beauty-2024-767-1-1024x684.jpg 1024w, https:\/\/globalintegralbeauty.com\/wp-content\/uploads\/2025\/02\/Global-Integral-Beauty-2024-767-1-768x513.jpg 768w, https:\/\/globalintegralbeauty.com\/wp-content\/uploads\/2025\/02\/Global-Integral-Beauty-2024-767-1-1536x1025.jpg 1536w, https:\/\/globalintegralbeauty.com\/wp-content\/uploads\/2025\/02\/Global-Integral-Beauty-2024-767-1-18x12.jpg 18w, https:\/\/globalintegralbeauty.com\/wp-content\/uploads\/2025\/02\/Global-Integral-Beauty-2024-767-1-600x400.jpg 600w\" sizes=\"(max-width: 2048px) 100vw, 2048px\" \/><\/div><div class=\"uael-grid-img-overlay\"><\/div><\/a><\/div><\/div><div class=\"uael-grid-item  uael-img-gallery-item-4\"><div class=\"uael-grid-item-content\"><a class=\"uael-grid-img uael-grid-gallery-img uael-ins-hover elementor-clickable\" data-fancybox=\"uael-gallery\" href=\"https:\/\/globalintegralbeauty.com\/wp-content\/uploads\/2025\/02\/Global-Integral-Beauty-2024-1033.jpg\" data-elementor-open-lightbox=\"no\"><div class=\"uael-grid-img-thumbnail uael-ins-target\"><img loading=\"lazy\" decoding=\"async\" width=\"2048\" height=\"1367\" src=\"https:\/\/globalintegralbeauty.com\/wp-content\/uploads\/2025\/02\/Global-Integral-Beauty-2024-1033.jpg\" class=\"attachment-full size-full wp-image-7730\" alt=\"\" srcset=\"https:\/\/globalintegralbeauty.com\/wp-content\/uploads\/2025\/02\/Global-Integral-Beauty-2024-1033.jpg 2048w, https:\/\/globalintegralbeauty.com\/wp-content\/uploads\/2025\/02\/Global-Integral-Beauty-2024-1033-300x200.jpg 300w, https:\/\/globalintegralbeauty.com\/wp-content\/uploads\/2025\/02\/Global-Integral-Beauty-2024-1033-1024x684.jpg 1024w, https:\/\/globalintegralbeauty.com\/wp-content\/uploads\/2025\/02\/Global-Integral-Beauty-2024-1033-768x513.jpg 768w, https:\/\/globalintegralbeauty.com\/wp-content\/uploads\/2025\/02\/Global-Integral-Beauty-2024-1033-1536x1025.jpg 1536w, https:\/\/globalintegralbeauty.com\/wp-content\/uploads\/2025\/02\/Global-Integral-Beauty-2024-1033-18x12.jpg 18w, https:\/\/globalintegralbeauty.com\/wp-content\/uploads\/2025\/02\/Global-Integral-Beauty-2024-1033-600x400.jpg 600w\" sizes=\"(max-width: 2048px) 100vw, 2048px\" \/><\/div><div class=\"uael-grid-img-overlay\"><\/div><\/a><\/div><\/div><div class=\"uael-grid-item  uael-img-gallery-item-5\"><div class=\"uael-grid-item-content\"><a class=\"uael-grid-img uael-grid-gallery-img uael-ins-hover elementor-clickable\" data-fancybox=\"uael-gallery\" href=\"https:\/\/globalintegralbeauty.com\/wp-content\/uploads\/2025\/02\/Rodrigo-Friends.png\" data-elementor-open-lightbox=\"no\"><div class=\"uael-grid-img-thumbnail uael-ins-target\"><img loading=\"lazy\" decoding=\"async\" width=\"1163\" height=\"800\" src=\"https:\/\/globalintegralbeauty.com\/wp-content\/uploads\/2025\/02\/Rodrigo-Friends.png\" class=\"attachment-full size-full wp-image-7731\" alt=\"\" srcset=\"https:\/\/globalintegralbeauty.com\/wp-content\/uploads\/2025\/02\/Rodrigo-Friends.png 1163w, https:\/\/globalintegralbeauty.com\/wp-content\/uploads\/2025\/02\/Rodrigo-Friends-300x206.png 300w, https:\/\/globalintegralbeauty.com\/wp-content\/uploads\/2025\/02\/Rodrigo-Friends-1024x704.png 1024w, https:\/\/globalintegralbeauty.com\/wp-content\/uploads\/2025\/02\/Rodrigo-Friends-768x528.png 768w, https:\/\/globalintegralbeauty.com\/wp-content\/uploads\/2025\/02\/Rodrigo-Friends-18x12.png 18w, https:\/\/globalintegralbeauty.com\/wp-content\/uploads\/2025\/02\/Rodrigo-Friends-600x413.png 600w\" sizes=\"(max-width: 1163px) 100vw, 1163px\" \/><\/div><div class=\"uael-grid-img-overlay\"><\/div><\/a><\/div><\/div><div class=\"uael-grid-item  uael-img-gallery-item-6\"><div class=\"uael-grid-item-content\"><a class=\"uael-grid-img uael-grid-gallery-img uael-ins-hover elementor-clickable\" data-fancybox=\"uael-gallery\" href=\"https:\/\/globalintegralbeauty.com\/wp-content\/uploads\/2025\/02\/RodrigoGarcia.png\" data-elementor-open-lightbox=\"no\"><div class=\"uael-grid-img-thumbnail uael-ins-target\"><img loading=\"lazy\" decoding=\"async\" width=\"2048\" height=\"755\" src=\"https:\/\/globalintegralbeauty.com\/wp-content\/uploads\/2025\/02\/RodrigoGarcia.png\" class=\"attachment-full size-full wp-image-7732\" alt=\"\" srcset=\"https:\/\/globalintegralbeauty.com\/wp-content\/uploads\/2025\/02\/RodrigoGarcia.png 2048w, https:\/\/globalintegralbeauty.com\/wp-content\/uploads\/2025\/02\/RodrigoGarcia-300x111.png 300w, https:\/\/globalintegralbeauty.com\/wp-content\/uploads\/2025\/02\/RodrigoGarcia-1024x378.png 1024w, https:\/\/globalintegralbeauty.com\/wp-content\/uploads\/2025\/02\/RodrigoGarcia-768x283.png 768w, https:\/\/globalintegralbeauty.com\/wp-content\/uploads\/2025\/02\/RodrigoGarcia-1536x566.png 1536w, https:\/\/globalintegralbeauty.com\/wp-content\/uploads\/2025\/02\/RodrigoGarcia-18x7.png 18w, https:\/\/globalintegralbeauty.com\/wp-content\/uploads\/2025\/02\/RodrigoGarcia-600x221.png 600w\" sizes=\"(max-width: 2048px) 100vw, 2048px\" \/><\/div><div class=\"uael-grid-img-overlay\"><\/div><\/a><\/div><\/div><\/div><\/div>\t\t\t\t<\/div>\n\t\t\t\t<\/div>\n\t\t\t\t\t<\/div>\n\t\t<\/div>\n\t\t\t\t\t<\/div>\n\t\t<\/section>\n\t\t\t\t<section class=\"elementor-section elementor-top-section elementor-element elementor-element-0813bca elementor-section-boxed elementor-section-height-default elementor-section-height-default\" data-id=\"0813bca\" data-element_type=\"section\" data-e-type=\"section\" data-settings=\"{&quot;background_background&quot;:&quot;classic&quot;}\">\n\t\t\t\t\t\t<div class=\"elementor-container elementor-column-gap-default\">\n\t\t\t\t\t<div class=\"elementor-column elementor-col-100 elementor-top-column elementor-element elementor-element-015e6df\" data-id=\"015e6df\" data-element_type=\"column\" data-e-type=\"column\">\n\t\t\t<div class=\"elementor-widget-wrap elementor-element-populated\">\n\t\t\t\t\t\t<div class=\"elementor-element elementor-element-d6788bb elementor-widget elementor-widget-heading\" data-id=\"d6788bb\" data-element_type=\"widget\" data-e-type=\"widget\" data-widget_type=\"heading.default\">\n\t\t\t\t<div class=\"elementor-widget-container\">\n\t\t\t\t\t<h3 class=\"elementor-heading-title elementor-size-large\">Para conocer m\u00e1s sobre la labor y trayectoria de Rodrigo Garcia, s\u00edguelo:<\/h3>\t\t\t\t<\/div>\n\t\t\t\t<\/div>\n\t\t\t\t<div class=\"elementor-element elementor-element-4588b72 elementor-align-center elementor-icon-list--layout-traditional elementor-list-item-link-full_width elementor-widget elementor-widget-icon-list\" data-id=\"4588b72\" data-element_type=\"widget\" data-e-type=\"widget\" data-widget_type=\"icon-list.default\">\n\t\t\t\t<div class=\"elementor-widget-container\">\n\t\t\t\t\t\t\t<ul class=\"elementor-icon-list-items\">\n\t\t\t\t\t\t\t<li class=\"elementor-icon-list-item\">\n\t\t\t\t\t\t\t\t\t\t\t<a href=\"https:\/\/www.instagram.com\/garciamoro\" target=\"_blank\">\n\n\t\t\t\t\t\t\t\t\t\t\t\t<span class=\"elementor-icon-list-icon\">\n\t\t\t\t\t\t\t<i aria-hidden=\"true\" class=\"fab fa-instagram\"><\/i>\t\t\t\t\t\t<\/span>\n\t\t\t\t\t\t\t\t\t\t<span class=\"elementor-icon-list-text\">INSTAGRAM<\/span>\n\t\t\t\t\t\t\t\t\t\t\t<\/a>\n\t\t\t\t\t\t\t\t\t<\/li>\n\t\t\t\t\t\t<\/ul>\n\t\t\t\t\t\t<\/div>\n\t\t\t\t<\/div>\n\t\t\t\t\t<\/div>\n\t\t<\/div>\n\t\t\t\t\t<\/div>\n\t\t<\/section>\n\t\t\t\t<\/div>\n\t\t","protected":false},"excerpt":{"rendered":"<p>Buenos Aires, Argentina \u2013 El pasado 5 de octubre, en el marco de la prestigiosa ceremonia de los Global Integral Beauty Awards 2024, Rodrigo Garc\u00eda, un visionario empresario y profesional de la est\u00e9tica, fue galardonado en la categor\u00eda Epic, reconociendo su destacada trayectoria y contribuci\u00f3n al sector de la belleza y el bienestar. \u00a0 Rodrigo, [&hellip;]<\/p>\n","protected":false},"author":1,"featured_media":6198,"comment_status":"open","ping_status":"open","sticky":false,"template":"","format":"standard","meta":{"footnotes":""},"categories":[37],"tags":[],"class_list":["post-7725","post","type-post","status-publish","format-standard","has-post-thumbnail","hentry","category-galardonados"],"aioseo_notices":[],"aioseo_head":"\n\t\t<!-- All in One SEO 5.0.0.1 - aioseo.com -->\n\t<meta name=\"description\" content=\"Buenos Aires, Argentina \u2013 El pasado 5 de octubre, en el marco de la prestigiosa ceremonia de los Global Integral Beauty Awards 2024, Rodrigo Garc\u00eda, un visionario empresario y profesional de la est\u00e9tica, fue galardonado en la categor\u00eda Epic, reconociendo su destacada trayectoria y contribuci\u00f3n al sector de la belleza y el bienestar. Rodrigo, contador p\u00fablico\" \/>\n\t<meta name=\"robots\" content=\"max-image-preview:large\" \/>\n\t<meta name=\"author\" content=\"integral.beauty\"\/>\n\t<link rel=\"canonical\" href=\"https:\/\/globalintegralbeauty.com\/en\/rodrigo-garcia\/\" \/>\n\t<meta name=\"generator\" content=\"All in One SEO (AIOSEO) 5.0.0.1\" \/>\n\t\t<meta property=\"og:locale\" content=\"en_US\" \/>\n\t\t<meta property=\"og:site_name\" content=\"Global Integral Beauty - Contenido especializado en Salud, Bienestar y Est\u00e9tica\" \/>\n\t\t<meta property=\"og:type\" content=\"article\" \/>\n\t\t<meta property=\"og:title\" content=\"Rodrigo Garc\u00eda Recibe Reconocimiento en los GIB Awards 2024 como Embajador Destacado de la Belleza Integral - Global Integral Beauty\" \/>\n\t\t<meta property=\"og:description\" content=\"Buenos Aires, Argentina \u2013 El pasado 5 de octubre, en el marco de la prestigiosa ceremonia de los Global Integral Beauty Awards 2024, Rodrigo Garc\u00eda, un visionario empresario y profesional de la est\u00e9tica, fue galardonado en la categor\u00eda Epic, reconociendo su destacada trayectoria y contribuci\u00f3n al sector de la belleza y el bienestar. Rodrigo, contador p\u00fablico\" \/>\n\t\t<meta property=\"og:url\" content=\"https:\/\/globalintegralbeauty.com\/en\/rodrigo-garcia\/\" \/>\n\t\t<meta property=\"og:image\" content=\"https:\/\/globalintegralbeauty.com\/wp-content\/uploads\/2025\/02\/Dra.RimaAndFriends.png\" \/>\n\t\t<meta property=\"og:image:secure_url\" content=\"https:\/\/globalintegralbeauty.com\/wp-content\/uploads\/2025\/02\/Dra.RimaAndFriends.png\" \/>\n\t\t<meta property=\"og:image:width\" content=\"1116\" \/>\n\t\t<meta property=\"og:image:height\" content=\"919\" \/>\n\t\t<meta property=\"article:published_time\" content=\"2025-02-05T20:33:37+00:00\" \/>\n\t\t<meta property=\"article:modified_time\" content=\"2025-02-05T20:36:44+00:00\" \/>\n\t\t<meta name=\"twitter:card\" content=\"summary_large_image\" \/>\n\t\t<meta name=\"twitter:title\" content=\"Rodrigo Garc\u00eda Recibe Reconocimiento en los GIB Awards 2024 como Embajador Destacado de la Belleza Integral - Global Integral Beauty\" \/>\n\t\t<meta name=\"twitter:description\" content=\"Buenos Aires, Argentina \u2013 El pasado 5 de octubre, en el marco de la prestigiosa ceremonia de los Global Integral Beauty Awards 2024, Rodrigo Garc\u00eda, un visionario empresario y profesional de la est\u00e9tica, fue galardonado en la categor\u00eda Epic, reconociendo su destacada trayectoria y contribuci\u00f3n al sector de la belleza y el bienestar. Rodrigo, contador p\u00fablico\" \/>\n\t\t<meta name=\"twitter:image\" content=\"https:\/\/globalintegralbeauty.com\/wp-content\/uploads\/2022\/05\/cropped-Revista.jpg\" \/>\n\t\t<script type=\"application\/ld+json\" class=\"aioseo-schema\">\n\t\t\t{\"@context\":\"https:\\\/\\\/schema.org\",\"@graph\":[{\"@type\":\"BlogPosting\",\"@id\":\"https:\\\/\\\/globalintegralbeauty.com\\\/en\\\/rodrigo-garcia\\\/#blogposting\",\"name\":\"Rodrigo Garc\\u00eda Recibe Reconocimiento en los GIB Awards 2024 como Embajador Destacado de la Belleza Integral - Global Integral Beauty\",\"headline\":\"Rodrigo Garc\\u00eda Recibe Reconocimiento en los GIB Awards 2024 como Embajador Destacado de la Belleza Integral\",\"author\":{\"@id\":\"https:\\\/\\\/globalintegralbeauty.com\\\/en\\\/author\\\/admin\\\/#author\"},\"publisher\":{\"@id\":\"https:\\\/\\\/globalintegralbeauty.com\\\/en\\\/#organization\"},\"image\":{\"@type\":\"ImageObject\",\"url\":\"https:\\\/\\\/globalintegralbeauty.com\\\/wp-content\\\/uploads\\\/2024\\\/10\\\/Rodrigo-garcia-Moro.jpg\",\"width\":1152,\"height\":648},\"datePublished\":\"2025-02-05T15:33:37-05:00\",\"dateModified\":\"2025-02-05T15:36:44-05:00\",\"inLanguage\":\"en-US\",\"mainEntityOfPage\":{\"@id\":\"https:\\\/\\\/globalintegralbeauty.com\\\/en\\\/rodrigo-garcia\\\/#webpage\"},\"isPartOf\":{\"@id\":\"https:\\\/\\\/globalintegralbeauty.com\\\/en\\\/rodrigo-garcia\\\/#webpage\"},\"articleSection\":\"Galardonados\"},{\"@type\":\"BreadcrumbList\",\"@id\":\"https:\\\/\\\/globalintegralbeauty.com\\\/en\\\/rodrigo-garcia\\\/#breadcrumblist\",\"itemListElement\":[{\"@type\":\"ListItem\",\"@id\":\"https:\\\/\\\/globalintegralbeauty.com\\\/en#listItem\",\"position\":1,\"name\":\"Hogar\",\"item\":\"https:\\\/\\\/globalintegralbeauty.com\\\/en\",\"nextItem\":{\"@type\":\"ListItem\",\"@id\":\"https:\\\/\\\/globalintegralbeauty.com\\\/en\\\/category\\\/galardonados\\\/#listItem\",\"name\":\"Galardonados\"}},{\"@type\":\"ListItem\",\"@id\":\"https:\\\/\\\/globalintegralbeauty.com\\\/en\\\/category\\\/galardonados\\\/#listItem\",\"position\":2,\"name\":\"Galardonados\",\"item\":\"https:\\\/\\\/globalintegralbeauty.com\\\/en\\\/category\\\/galardonados\\\/\",\"nextItem\":{\"@type\":\"ListItem\",\"@id\":\"https:\\\/\\\/globalintegralbeauty.com\\\/en\\\/rodrigo-garcia\\\/#listItem\",\"name\":\"Rodrigo Garc\\u00eda Recibe Reconocimiento en los GIB Awards 2024 como Embajador Destacado de la Belleza Integral\"},\"previousItem\":{\"@type\":\"ListItem\",\"@id\":\"https:\\\/\\\/globalintegralbeauty.com\\\/en#listItem\",\"name\":\"Hogar\"}},{\"@type\":\"ListItem\",\"@id\":\"https:\\\/\\\/globalintegralbeauty.com\\\/en\\\/rodrigo-garcia\\\/#listItem\",\"position\":3,\"name\":\"Rodrigo Garc\\u00eda Recibe Reconocimiento en los GIB Awards 2024 como Embajador Destacado de la Belleza Integral\",\"previousItem\":{\"@type\":\"ListItem\",\"@id\":\"https:\\\/\\\/globalintegralbeauty.com\\\/en\\\/category\\\/galardonados\\\/#listItem\",\"name\":\"Galardonados\"}}]},{\"@type\":\"Organization\",\"@id\":\"https:\\\/\\\/globalintegralbeauty.com\\\/en\\\/#organization\",\"name\":\"Global Integral Beauty\",\"description\":\"Contenido especializado en Salud, Bienestar y Est\\u00e9tica\",\"url\":\"https:\\\/\\\/globalintegralbeauty.com\\\/en\\\/\",\"logo\":{\"@type\":\"ImageObject\",\"url\":\"https:\\\/\\\/globalintegralbeauty.com\\\/wp-content\\\/uploads\\\/2022\\\/05\\\/cropped-Revista.jpg\",\"@id\":\"https:\\\/\\\/globalintegralbeauty.com\\\/en\\\/rodrigo-garcia\\\/#organizationLogo\",\"width\":512,\"height\":512},\"image\":{\"@id\":\"https:\\\/\\\/globalintegralbeauty.com\\\/en\\\/rodrigo-garcia\\\/#organizationLogo\"}},{\"@type\":\"Person\",\"@id\":\"https:\\\/\\\/globalintegralbeauty.com\\\/en\\\/author\\\/admin\\\/#author\",\"url\":\"https:\\\/\\\/globalintegralbeauty.com\\\/en\\\/author\\\/admin\\\/\",\"name\":\"integral.beauty\"},{\"@type\":\"WebPage\",\"@id\":\"https:\\\/\\\/globalintegralbeauty.com\\\/en\\\/rodrigo-garcia\\\/#webpage\",\"url\":\"https:\\\/\\\/globalintegralbeauty.com\\\/en\\\/rodrigo-garcia\\\/\",\"name\":\"Rodrigo Garc\\u00eda Recibe Reconocimiento en los GIB Awards 2024 como Embajador Destacado de la Belleza Integral - Global Integral Beauty\",\"description\":\"Buenos Aires, Argentina \\u2013 El pasado 5 de octubre, en el marco de la prestigiosa ceremonia de los Global Integral Beauty Awards 2024, Rodrigo Garc\\u00eda, un visionario empresario y profesional de la est\\u00e9tica, fue galardonado en la categor\\u00eda Epic, reconociendo su destacada trayectoria y contribuci\\u00f3n al sector de la belleza y el bienestar. Rodrigo, contador p\\u00fablico\",\"inLanguage\":\"en-US\",\"isPartOf\":{\"@id\":\"https:\\\/\\\/globalintegralbeauty.com\\\/en\\\/#website\"},\"breadcrumb\":{\"@id\":\"https:\\\/\\\/globalintegralbeauty.com\\\/en\\\/rodrigo-garcia\\\/#breadcrumblist\"},\"author\":{\"@id\":\"https:\\\/\\\/globalintegralbeauty.com\\\/en\\\/author\\\/admin\\\/#author\"},\"creator\":{\"@id\":\"https:\\\/\\\/globalintegralbeauty.com\\\/en\\\/author\\\/admin\\\/#author\"},\"image\":{\"@type\":\"ImageObject\",\"url\":\"https:\\\/\\\/globalintegralbeauty.com\\\/wp-content\\\/uploads\\\/2024\\\/10\\\/Rodrigo-garcia-Moro.jpg\",\"@id\":\"https:\\\/\\\/globalintegralbeauty.com\\\/en\\\/rodrigo-garcia\\\/#mainImage\",\"width\":1152,\"height\":648},\"primaryImageOfPage\":{\"@id\":\"https:\\\/\\\/globalintegralbeauty.com\\\/en\\\/rodrigo-garcia\\\/#mainImage\"},\"datePublished\":\"2025-02-05T15:33:37-05:00\",\"dateModified\":\"2025-02-05T15:36:44-05:00\"},{\"@type\":\"WebSite\",\"@id\":\"https:\\\/\\\/globalintegralbeauty.com\\\/en\\\/#website\",\"url\":\"https:\\\/\\\/globalintegralbeauty.com\\\/en\\\/\",\"name\":\"Global Integral Beauty\",\"description\":\"Contenido especializado en Salud, Bienestar y Est\\u00e9tica\",\"inLanguage\":\"en-US\",\"publisher\":{\"@id\":\"https:\\\/\\\/globalintegralbeauty.com\\\/en\\\/#organization\"}}]}\n\t\t<\/script>\n\t\t<!-- All in One SEO -->\n\n","aioseo_head_json":{"title":"Rodrigo Garc\u00eda Recibe Reconocimiento en los GIB Awards 2024 como Embajador Destacado de la Belleza Integral - Global Integral Beauty","description":"Buenos Aires, Argentina \u2013 El pasado 5 de octubre, en el marco de la prestigiosa ceremonia de los Global Integral Beauty Awards 2024, Rodrigo Garc\u00eda, un visionario empresario y profesional de la est\u00e9tica, fue galardonado en la categor\u00eda Epic, reconociendo su destacada trayectoria y contribuci\u00f3n al sector de la belleza y el bienestar. Rodrigo, contador p\u00fablico","canonical_url":"https:\/\/globalintegralbeauty.com\/en\/rodrigo-garcia\/","robots":"max-image-preview:large","keywords":"","webmasterTools":{"miscellaneous":""},"schema":{"@context":"https:\/\/schema.org","@graph":[{"@type":"BlogPosting","@id":"https:\/\/globalintegralbeauty.com\/en\/rodrigo-garcia\/#blogposting","name":"Rodrigo Garc\u00eda Recibe Reconocimiento en los GIB Awards 2024 como Embajador Destacado de la Belleza Integral - Global Integral Beauty","headline":"Rodrigo Garc\u00eda Recibe Reconocimiento en los GIB Awards 2024 como Embajador Destacado de la Belleza Integral","author":{"@id":"https:\/\/globalintegralbeauty.com\/en\/author\/admin\/#author"},"publisher":{"@id":"https:\/\/globalintegralbeauty.com\/en\/#organization"},"image":{"@type":"ImageObject","url":"https:\/\/globalintegralbeauty.com\/wp-content\/uploads\/2024\/10\/Rodrigo-garcia-Moro.jpg","width":1152,"height":648},"datePublished":"2025-02-05T15:33:37-05:00","dateModified":"2025-02-05T15:36:44-05:00","inLanguage":"en-US","mainEntityOfPage":{"@id":"https:\/\/globalintegralbeauty.com\/en\/rodrigo-garcia\/#webpage"},"isPartOf":{"@id":"https:\/\/globalintegralbeauty.com\/en\/rodrigo-garcia\/#webpage"},"articleSection":"Galardonados"},{"@type":"BreadcrumbList","@id":"https:\/\/globalintegralbeauty.com\/en\/rodrigo-garcia\/#breadcrumblist","itemListElement":[{"@type":"ListItem","@id":"https:\/\/globalintegralbeauty.com\/en#listItem","position":1,"name":"Hogar","item":"https:\/\/globalintegralbeauty.com\/en","nextItem":{"@type":"ListItem","@id":"https:\/\/globalintegralbeauty.com\/en\/category\/galardonados\/#listItem","name":"Galardonados"}},{"@type":"ListItem","@id":"https:\/\/globalintegralbeauty.com\/en\/category\/galardonados\/#listItem","position":2,"name":"Galardonados","item":"https:\/\/globalintegralbeauty.com\/en\/category\/galardonados\/","nextItem":{"@type":"ListItem","@id":"https:\/\/globalintegralbeauty.com\/en\/rodrigo-garcia\/#listItem","name":"Rodrigo Garc\u00eda Recibe Reconocimiento en los GIB Awards 2024 como Embajador Destacado de la Belleza Integral"},"previousItem":{"@type":"ListItem","@id":"https:\/\/globalintegralbeauty.com\/en#listItem","name":"Hogar"}},{"@type":"ListItem","@id":"https:\/\/globalintegralbeauty.com\/en\/rodrigo-garcia\/#listItem","position":3,"name":"Rodrigo Garc\u00eda Recibe Reconocimiento en los GIB Awards 2024 como Embajador Destacado de la Belleza Integral","previousItem":{"@type":"ListItem","@id":"https:\/\/globalintegralbeauty.com\/en\/category\/galardonados\/#listItem","name":"Galardonados"}}]},{"@type":"Organization","@id":"https:\/\/globalintegralbeauty.com\/en\/#organization","name":"Global Integral Beauty","description":"Contenido especializado en Salud, Bienestar y Est\u00e9tica","url":"https:\/\/globalintegralbeauty.com\/en\/","logo":{"@type":"ImageObject","url":"https:\/\/globalintegralbeauty.com\/wp-content\/uploads\/2022\/05\/cropped-Revista.jpg","@id":"https:\/\/globalintegralbeauty.com\/en\/rodrigo-garcia\/#organizationLogo","width":512,"height":512},"image":{"@id":"https:\/\/globalintegralbeauty.com\/en\/rodrigo-garcia\/#organizationLogo"}},{"@type":"Person","@id":"https:\/\/globalintegralbeauty.com\/en\/author\/admin\/#author","url":"https:\/\/globalintegralbeauty.com\/en\/author\/admin\/","name":"integral.beauty"},{"@type":"WebPage","@id":"https:\/\/globalintegralbeauty.com\/en\/rodrigo-garcia\/#webpage","url":"https:\/\/globalintegralbeauty.com\/en\/rodrigo-garcia\/","name":"Rodrigo Garc\u00eda Recibe Reconocimiento en los GIB Awards 2024 como Embajador Destacado de la Belleza Integral - Global Integral Beauty","description":"Buenos Aires, Argentina \u2013 El pasado 5 de octubre, en el marco de la prestigiosa ceremonia de los Global Integral Beauty Awards 2024, Rodrigo Garc\u00eda, un visionario empresario y profesional de la est\u00e9tica, fue galardonado en la categor\u00eda Epic, reconociendo su destacada trayectoria y contribuci\u00f3n al sector de la belleza y el bienestar. Rodrigo, contador p\u00fablico","inLanguage":"en-US","isPartOf":{"@id":"https:\/\/globalintegralbeauty.com\/en\/#website"},"breadcrumb":{"@id":"https:\/\/globalintegralbeauty.com\/en\/rodrigo-garcia\/#breadcrumblist"},"author":{"@id":"https:\/\/globalintegralbeauty.com\/en\/author\/admin\/#author"},"creator":{"@id":"https:\/\/globalintegralbeauty.com\/en\/author\/admin\/#author"},"image":{"@type":"ImageObject","url":"https:\/\/globalintegralbeauty.com\/wp-content\/uploads\/2024\/10\/Rodrigo-garcia-Moro.jpg","@id":"https:\/\/globalintegralbeauty.com\/en\/rodrigo-garcia\/#mainImage","width":1152,"height":648},"primaryImageOfPage":{"@id":"https:\/\/globalintegralbeauty.com\/en\/rodrigo-garcia\/#mainImage"},"datePublished":"2025-02-05T15:33:37-05:00","dateModified":"2025-02-05T15:36:44-05:00"},{"@type":"WebSite","@id":"https:\/\/globalintegralbeauty.com\/en\/#website","url":"https:\/\/globalintegralbeauty.com\/en\/","name":"Global Integral Beauty","description":"Contenido especializado en Salud, Bienestar y Est\u00e9tica","inLanguage":"en-US","publisher":{"@id":"https:\/\/globalintegralbeauty.com\/en\/#organization"}}]},"og:locale":"en_US","og:site_name":"Global Integral Beauty - Contenido especializado en Salud, Bienestar y Est\u00e9tica","og:type":"article","og:title":"Rodrigo Garc\u00eda Recibe Reconocimiento en los GIB Awards 2024 como Embajador Destacado de la Belleza Integral - Global Integral Beauty","og:description":"Buenos Aires, Argentina \u2013 El pasado 5 de octubre, en el marco de la prestigiosa ceremonia de los Global Integral Beauty Awards 2024, Rodrigo Garc\u00eda, un visionario empresario y profesional de la est\u00e9tica, fue galardonado en la categor\u00eda Epic, reconociendo su destacada trayectoria y contribuci\u00f3n al sector de la belleza y el bienestar. Rodrigo, contador p\u00fablico","og:url":"https:\/\/globalintegralbeauty.com\/en\/rodrigo-garcia\/","og:image":"https:\/\/globalintegralbeauty.com\/wp-content\/uploads\/2025\/02\/Dra.RimaAndFriends.png","og:image:secure_url":"https:\/\/globalintegralbeauty.com\/wp-content\/uploads\/2025\/02\/Dra.RimaAndFriends.png","og:image:width":1116,"og:image:height":919,"article:published_time":"2025-02-05T20:33:37+00:00","article:modified_time":"2025-02-05T20:36:44+00:00","twitter:card":"summary_large_image","twitter:title":"Rodrigo Garc\u00eda Recibe Reconocimiento en los GIB Awards 2024 como Embajador Destacado de la Belleza Integral - Global Integral Beauty","twitter:description":"Buenos Aires, Argentina \u2013 El pasado 5 de octubre, en el marco de la prestigiosa ceremonia de los Global Integral Beauty Awards 2024, Rodrigo Garc\u00eda, un visionario empresario y profesional de la est\u00e9tica, fue galardonado en la categor\u00eda Epic, reconociendo su destacada trayectoria y contribuci\u00f3n al sector de la belleza y el bienestar. Rodrigo, contador p\u00fablico","twitter:image":"https:\/\/globalintegralbeauty.com\/wp-content\/uploads\/2022\/05\/cropped-Revista.jpg"},"aioseo_meta_data":{"post_id":"7725","title":null,"description":null,"keywords":null,"keyphrases":{"focus":{"keyphrase":"","score":0,"analysis":{"keyphraseInTitle":{"score":0,"maxScore":9,"error":1}}},"additional":[]},"primary_term":null,"canonical_url":null,"og_title":null,"og_description":null,"og_object_type":"default","og_image_type":"default","og_image_url":null,"og_image_width":null,"og_image_height":null,"og_image_custom_url":null,"og_image_custom_fields":null,"og_video":"","og_custom_url":null,"og_article_section":null,"og_article_tags":null,"twitter_use_og":false,"twitter_card":"default","twitter_image_type":"default","twitter_image_url":null,"twitter_image_custom_url":null,"twitter_image_custom_fields":null,"twitter_title":null,"twitter_description":null,"schema":{"blockGraphs":[],"customGraphs":[],"default":{"data":{"Article":[],"Course":[],"Dataset":[],"FAQPage":[],"Movie":[],"Person":[],"Product":[],"ProductReview":[],"Car":[],"Recipe":[],"Service":[],"SoftwareApplication":[],"WebPage":[]},"graphName":"BlogPosting","isEnabled":true},"graphs":[]},"schema_type":"default","schema_type_options":null,"pillar_content":false,"robots_default":true,"robots_noindex":false,"robots_noarchive":false,"robots_nosnippet":false,"robots_nofollow":false,"robots_noimageindex":false,"robots_noodp":false,"robots_notranslate":false,"robots_max_snippet":"-1","robots_max_videopreview":"-1","robots_max_imagepreview":"large","priority":null,"frequency":"default","local_seo":null,"breadcrumb_settings":null,"limit_modified_date":false,"ai":null,"created":"2025-02-05 20:30:02","updated":"2025-07-17 23:33:27","seo_analyzer_scan_date":null,"focus_keyword":null,"additional_keywords":null,"truseo_locale":null},"aioseo_breadcrumb":"<div class=\"aioseo-breadcrumbs\"><span class=\"aioseo-breadcrumb\">\n\t\t\t<a href=\"https:\/\/globalintegralbeauty.com\/en\" title=\"Hogar\">Hogar<\/a>\n\t\t<\/span><span class=\"aioseo-breadcrumb-separator\">&raquo;<\/span><span class=\"aioseo-breadcrumb\">\n\t\t\t<a href=\"https:\/\/globalintegralbeauty.com\/en\/category\/galardonados\/\" title=\"Galardonados\">Galardonados<\/a>\n\t\t<\/span><span class=\"aioseo-breadcrumb-separator\">&raquo;<\/span><span class=\"aioseo-breadcrumb\">\n\t\t\tRodrigo Garc\u00eda Recibe Reconocimiento en los GIB Awards 2024 como Embajador Destacado de la Belleza Integral\n\t\t<\/span><\/div>","aioseo_breadcrumb_json":[{"label":"Hogar","link":"https:\/\/globalintegralbeauty.com\/en"},{"label":"Galardonados","link":"https:\/\/globalintegralbeauty.com\/en\/category\/galardonados\/"},{"label":"Rodrigo Garc\u00eda Recibe Reconocimiento en los GIB Awards 2024 como Embajador Destacado de la Belleza Integral","link":"https:\/\/globalintegralbeauty.com\/en\/rodrigo-garcia\/"}],"_links":{"self":[{"href":"https:\/\/globalintegralbeauty.com\/en\/wp-json\/wp\/v2\/posts\/7725","targetHints":{"allow":["GET"]}}],"collection":[{"href":"https:\/\/globalintegralbeauty.com\/en\/wp-json\/wp\/v2\/posts"}],"about":[{"href":"https:\/\/globalintegralbeauty.com\/en\/wp-json\/wp\/v2\/types\/post"}],"author":[{"embeddable":true,"href":"https:\/\/globalintegralbeauty.com\/en\/wp-json\/wp\/v2\/users\/1"}],"replies":[{"embeddable":true,"href":"https:\/\/globalintegralbeauty.com\/en\/wp-json\/wp\/v2\/comments?post=7725"}],"version-history":[{"count":4,"href":"https:\/\/globalintegralbeauty.com\/en\/wp-json\/wp\/v2\/posts\/7725\/revisions"}],"predecessor-version":[{"id":7736,"href":"https:\/\/globalintegralbeauty.com\/en\/wp-json\/wp\/v2\/posts\/7725\/revisions\/7736"}],"wp:featuredmedia":[{"embeddable":true,"href":"https:\/\/globalintegralbeauty.com\/en\/wp-json\/wp\/v2\/media\/6198"}],"wp:attachment":[{"href":"https:\/\/globalintegralbeauty.com\/en\/wp-json\/wp\/v2\/media?parent=7725"}],"wp:term":[{"taxonomy":"category","embeddable":true,"href":"https:\/\/globalintegralbeauty.com\/en\/wp-json\/wp\/v2\/categories?post=7725"},{"taxonomy":"post_tag","embeddable":true,"href":"https:\/\/globalintegralbeauty.com\/en\/wp-json\/wp\/v2\/tags?post=7725"}],"curies":[{"name":"wp","href":"https:\/\/api.w.org\/{rel}","templated":true}]}}