{"id":12972,"date":"2025-12-11T00:36:00","date_gmt":"2025-12-11T05:36:00","guid":{"rendered":"https:\/\/globalintegralbeauty.com\/?p=12972"},"modified":"2025-12-12T11:48:21","modified_gmt":"2025-12-12T16:48:21","slug":"numa-parra-epic-award-2025","status":"publish","type":"post","link":"https:\/\/globalintegralbeauty.com\/en\/numa-parra-epic-award-2025\/","title":{"rendered":"Numa Parra: Pioneering Facial Aesthetics and Empowering Hispanic Entrepreneurs in the U.S.\u201d"},"content":{"rendered":"<div data-elementor-type=\"wp-post\" data-elementor-id=\"12972\" class=\"elementor elementor-12972\" data-elementor-post-type=\"post\">\n\t\t\t\t\t\t<section class=\"elementor-section elementor-top-section elementor-element elementor-element-6fec9f3d elementor-section-boxed elementor-section-height-default elementor-section-height-default\" data-id=\"6fec9f3d\" data-element_type=\"section\" data-e-type=\"section\">\n\t\t\t\t\t\t<div class=\"elementor-container elementor-column-gap-default\">\n\t\t\t\t\t<div class=\"elementor-column elementor-col-100 elementor-top-column elementor-element elementor-element-6ed92f62\" data-id=\"6ed92f62\" data-element_type=\"column\" data-e-type=\"column\">\n\t\t\t<div class=\"elementor-widget-wrap elementor-element-populated\">\n\t\t\t\t\t\t<div class=\"elementor-element elementor-element-44c76993 elementor-widget elementor-widget-text-editor\" data-id=\"44c76993\" data-element_type=\"widget\" data-e-type=\"widget\" data-widget_type=\"text-editor.default\">\n\t\t\t\t<div class=\"elementor-widget-container\">\n\t\t\t\t\t\t\t\t\t<p>Global Integral Beauty proudly honors Numa Alonso Parra Guill\u00e9n, co-founder of Forever Beauty Academy and co-owner of Forever Beauty Medical SPA, with the prestigious EPIC Award 2025, recognizing his transformative contributions in facial aesthetics, professional education, and entrepreneurship.<\/p><p>\u00a0<\/p><p>Numa has established himself as a leading expert in cosmetology and facial aesthetics, combining advanced techniques with a vision for excellence and innovation. Through his work, he has elevated standards of service, training, and client care, while fostering growth for his businesses in the U.S., creating jobs and promoting professional development.<\/p><p>\u00a0<\/p><p>As an educator and mentor, Numa empowers emerging estheticians through Forever Beauty Academy, providing hands-on training and guidance that ensures mastery of aesthetic techniques and business acumen. His commitment to excellence, inclusivity, and community engagement has strengthened the presence of the Latino community in the professional aesthetics sector in the United States.<\/p>\t\t\t\t\t\t\t\t<\/div>\n\t\t\t\t<\/div>\n\t\t\t\t\t<\/div>\n\t\t<\/div>\n\t\t\t\t\t<\/div>\n\t\t<\/section>\n\t\t\t\t<section class=\"elementor-section elementor-top-section elementor-element elementor-element-679c1fa0 elementor-section-boxed elementor-section-height-default elementor-section-height-default\" data-id=\"679c1fa0\" data-element_type=\"section\" data-e-type=\"section\" data-settings=\"{&quot;background_background&quot;:&quot;gradient&quot;}\">\n\t\t\t\t\t\t<div class=\"elementor-container elementor-column-gap-default\">\n\t\t\t\t\t<div class=\"elementor-column elementor-col-100 elementor-top-column elementor-element elementor-element-451e89af\" data-id=\"451e89af\" data-element_type=\"column\" data-e-type=\"column\">\n\t\t\t<div class=\"elementor-widget-wrap elementor-element-populated\">\n\t\t\t\t\t\t<div class=\"elementor-element elementor-element-82f7ea9 elementor-widget elementor-widget-heading\" data-id=\"82f7ea9\" data-element_type=\"widget\" data-e-type=\"widget\" data-widget_type=\"heading.default\">\n\t\t\t\t<div class=\"elementor-widget-container\">\n\t\t\t\t\t<h4 class=\"elementor-heading-title elementor-size-default\">Global Integral Beauty celebrates Numa Alonso Parra Guill\u00e9n for his strategic leadership, entrepreneurial vision, and impact on both the aesthetics industry and the Hispanic professional community, setting a benchmark for innovation, education, and empowerment in the international wellness and beauty arena.<\/h4>\t\t\t\t<\/div>\n\t\t\t\t<\/div>\n\t\t\t\t<div class=\"elementor-element elementor-element-61c3c8fc elementor-align-center elementor-widget elementor-widget-button\" data-id=\"61c3c8fc\" data-element_type=\"widget\" data-e-type=\"widget\" data-widget_type=\"button.default\">\n\t\t\t\t<div class=\"elementor-widget-container\">\n\t\t\t\t\t\t\t\t\t<div class=\"elementor-button-wrapper\">\n\t\t\t\t\t<a class=\"elementor-button elementor-button-link elementor-size-sm\" href=\"https:\/\/www.instagram.com\/numaparra\" target=\"_blank\">\n\t\t\t\t\t\t<span class=\"elementor-button-content-wrapper\">\n\t\t\t\t\t\t<span class=\"elementor-button-icon\">\n\t\t\t\t<i aria-hidden=\"true\" class=\"fab fa-instagram\"><\/i>\t\t\t<\/span>\n\t\t\t\t\t\t\t\t\t<span class=\"elementor-button-text\">numaparra<\/span>\n\t\t\t\t\t<\/span>\n\t\t\t\t\t<\/a>\n\t\t\t\t<\/div>\n\t\t\t\t\t\t\t\t<\/div>\n\t\t\t\t<\/div>\n\t\t\t\t\t<\/div>\n\t\t<\/div>\n\t\t\t\t\t<\/div>\n\t\t<\/section>\n\t\t\t\t<\/div>","protected":false},"excerpt":{"rendered":"<p>Global Integral Beauty se enorgullece en reconocer a Numa Alonso Parra Guill\u00e9n, cofundador de Forever Beauty Academy y copropietario de Forever Beauty Medical SPA, con el prestigioso Premio EPIC 2025, por sus contribuciones transformadoras en est\u00e9tica facial, educaci\u00f3n profesional y emprendimiento. \u00a0 Numa se ha consolidado como un experto l\u00edder en cosmetolog\u00eda y est\u00e9tica facial, [&hellip;]<\/p>\n","protected":false},"author":1,"featured_media":12966,"comment_status":"open","ping_status":"open","sticky":false,"template":"","format":"standard","meta":{"footnotes":""},"categories":[37],"tags":[],"class_list":["post-12972","post","type-post","status-publish","format-standard","has-post-thumbnail","hentry","category-galardonados"],"aioseo_notices":[],"aioseo_head":"\n\t\t<!-- All in One SEO 5.0.0.1 - aioseo.com -->\n\t<meta name=\"description\" content=\"Global Integral Beauty se enorgullece en reconocer a Numa Alonso Parra Guill\u00e9n, cofundador de Forever Beauty Academy y copropietario de Forever Beauty Medical SPA, con el prestigioso Premio EPIC 2025, por sus contribuciones transformadoras en est\u00e9tica facial, educaci\u00f3n profesional y emprendimiento. Numa se ha consolidado como un experto l\u00edder en cosmetolog\u00eda y est\u00e9tica facial, combinando t\u00e9cnicas\" \/>\n\t<meta name=\"robots\" content=\"max-image-preview:large\" \/>\n\t<meta name=\"author\" content=\"integral.beauty\"\/>\n\t<link rel=\"canonical\" href=\"https:\/\/globalintegralbeauty.com\/en\/numa-parra-epic-award-2025\/\" \/>\n\t<meta name=\"generator\" content=\"All in One SEO (AIOSEO) 5.0.0.1\" \/>\n\t\t<meta property=\"og:locale\" content=\"en_US\" \/>\n\t\t<meta property=\"og:site_name\" content=\"Global Integral Beauty - Contenido especializado en Salud, Bienestar y Est\u00e9tica\" \/>\n\t\t<meta property=\"og:type\" content=\"article\" \/>\n\t\t<meta property=\"og:title\" content=\"Numa Parra: Pionero en est\u00e9tica facial y empoderamiento de emprendedores hispanos en EE. UU. - Global Integral Beauty\" \/>\n\t\t<meta property=\"og:description\" content=\"Global Integral Beauty se enorgullece en reconocer a Numa Alonso Parra Guill\u00e9n, cofundador de Forever Beauty Academy y copropietario de Forever Beauty Medical SPA, con el prestigioso Premio EPIC 2025, por sus contribuciones transformadoras en est\u00e9tica facial, educaci\u00f3n profesional y emprendimiento. Numa se ha consolidado como un experto l\u00edder en cosmetolog\u00eda y est\u00e9tica facial, combinando t\u00e9cnicas\" \/>\n\t\t<meta property=\"og:url\" content=\"https:\/\/globalintegralbeauty.com\/en\/numa-parra-epic-award-2025\/\" \/>\n\t\t<meta property=\"og:image\" content=\"https:\/\/globalintegralbeauty.com\/wp-content\/uploads\/2025\/12\/gib-awards-2025-27.jpeg\" \/>\n\t\t<meta property=\"og:image:secure_url\" content=\"https:\/\/globalintegralbeauty.com\/wp-content\/uploads\/2025\/12\/gib-awards-2025-27.jpeg\" \/>\n\t\t<meta property=\"og:image:width\" content=\"1280\" \/>\n\t\t<meta property=\"og:image:height\" content=\"720\" \/>\n\t\t<meta property=\"article:published_time\" content=\"2025-12-11T05:36:00+00:00\" \/>\n\t\t<meta property=\"article:modified_time\" content=\"2025-12-12T16:48:21+00:00\" \/>\n\t\t<meta name=\"twitter:card\" content=\"summary_large_image\" \/>\n\t\t<meta name=\"twitter:title\" content=\"Numa Parra: Pionero en est\u00e9tica facial y empoderamiento de emprendedores hispanos en EE. UU. - Global Integral Beauty\" \/>\n\t\t<meta name=\"twitter:description\" content=\"Global Integral Beauty se enorgullece en reconocer a Numa Alonso Parra Guill\u00e9n, cofundador de Forever Beauty Academy y copropietario de Forever Beauty Medical SPA, con el prestigioso Premio EPIC 2025, por sus contribuciones transformadoras en est\u00e9tica facial, educaci\u00f3n profesional y emprendimiento. Numa se ha consolidado como un experto l\u00edder en cosmetolog\u00eda y est\u00e9tica facial, combinando t\u00e9cnicas\" \/>\n\t\t<meta name=\"twitter:image\" content=\"https:\/\/globalintegralbeauty.com\/wp-content\/uploads\/2022\/05\/cropped-Revista.jpg\" \/>\n\t\t<script type=\"application\/ld+json\" class=\"aioseo-schema\">\n\t\t\t{\"@context\":\"https:\\\/\\\/schema.org\",\"@graph\":[{\"@type\":\"BlogPosting\",\"@id\":\"https:\\\/\\\/globalintegralbeauty.com\\\/en\\\/numa-parra-epic-award-2025\\\/#blogposting\",\"name\":\"Numa Parra: Pionero en est\\u00e9tica facial y empoderamiento de emprendedores hispanos en EE. UU. - Global Integral Beauty\",\"headline\":\"Numa Parra: Pionero en est\\u00e9tica facial y empoderamiento de emprendedores hispanos en EE. UU.\",\"author\":{\"@id\":\"https:\\\/\\\/globalintegralbeauty.com\\\/en\\\/author\\\/admin\\\/#author\"},\"publisher\":{\"@id\":\"https:\\\/\\\/globalintegralbeauty.com\\\/en\\\/#organization\"},\"image\":{\"@type\":\"ImageObject\",\"url\":\"https:\\\/\\\/globalintegralbeauty.com\\\/wp-content\\\/uploads\\\/2025\\\/12\\\/gib-awards-2025-27.jpeg\",\"width\":1280,\"height\":720},\"datePublished\":\"2025-12-11T00:36:00-05:00\",\"dateModified\":\"2025-12-12T11:48:21-05:00\",\"inLanguage\":\"en-US\",\"commentCount\":3,\"mainEntityOfPage\":{\"@id\":\"https:\\\/\\\/globalintegralbeauty.com\\\/en\\\/numa-parra-epic-award-2025\\\/#webpage\"},\"isPartOf\":{\"@id\":\"https:\\\/\\\/globalintegralbeauty.com\\\/en\\\/numa-parra-epic-award-2025\\\/#webpage\"},\"articleSection\":\"Galardonados\"},{\"@type\":\"BreadcrumbList\",\"@id\":\"https:\\\/\\\/globalintegralbeauty.com\\\/en\\\/numa-parra-epic-award-2025\\\/#breadcrumblist\",\"itemListElement\":[{\"@type\":\"ListItem\",\"@id\":\"https:\\\/\\\/globalintegralbeauty.com\\\/en#listItem\",\"position\":1,\"name\":\"Hogar\",\"item\":\"https:\\\/\\\/globalintegralbeauty.com\\\/en\",\"nextItem\":{\"@type\":\"ListItem\",\"@id\":\"https:\\\/\\\/globalintegralbeauty.com\\\/en\\\/category\\\/galardonados\\\/#listItem\",\"name\":\"Galardonados\"}},{\"@type\":\"ListItem\",\"@id\":\"https:\\\/\\\/globalintegralbeauty.com\\\/en\\\/category\\\/galardonados\\\/#listItem\",\"position\":2,\"name\":\"Galardonados\",\"item\":\"https:\\\/\\\/globalintegralbeauty.com\\\/en\\\/category\\\/galardonados\\\/\",\"nextItem\":{\"@type\":\"ListItem\",\"@id\":\"https:\\\/\\\/globalintegralbeauty.com\\\/en\\\/numa-parra-epic-award-2025\\\/#listItem\",\"name\":\"Numa Parra: Pionero en est\\u00e9tica facial y empoderamiento de emprendedores hispanos en EE. UU.\"},\"previousItem\":{\"@type\":\"ListItem\",\"@id\":\"https:\\\/\\\/globalintegralbeauty.com\\\/en#listItem\",\"name\":\"Hogar\"}},{\"@type\":\"ListItem\",\"@id\":\"https:\\\/\\\/globalintegralbeauty.com\\\/en\\\/numa-parra-epic-award-2025\\\/#listItem\",\"position\":3,\"name\":\"Numa Parra: Pionero en est\\u00e9tica facial y empoderamiento de emprendedores hispanos en EE. UU.\",\"previousItem\":{\"@type\":\"ListItem\",\"@id\":\"https:\\\/\\\/globalintegralbeauty.com\\\/en\\\/category\\\/galardonados\\\/#listItem\",\"name\":\"Galardonados\"}}]},{\"@type\":\"Organization\",\"@id\":\"https:\\\/\\\/globalintegralbeauty.com\\\/en\\\/#organization\",\"name\":\"Global Integral Beauty\",\"description\":\"Contenido especializado en Salud, Bienestar y Est\\u00e9tica\",\"url\":\"https:\\\/\\\/globalintegralbeauty.com\\\/en\\\/\",\"logo\":{\"@type\":\"ImageObject\",\"url\":\"https:\\\/\\\/globalintegralbeauty.com\\\/wp-content\\\/uploads\\\/2022\\\/05\\\/cropped-Revista.jpg\",\"@id\":\"https:\\\/\\\/globalintegralbeauty.com\\\/en\\\/numa-parra-epic-award-2025\\\/#organizationLogo\",\"width\":512,\"height\":512},\"image\":{\"@id\":\"https:\\\/\\\/globalintegralbeauty.com\\\/en\\\/numa-parra-epic-award-2025\\\/#organizationLogo\"}},{\"@type\":\"Person\",\"@id\":\"https:\\\/\\\/globalintegralbeauty.com\\\/en\\\/author\\\/admin\\\/#author\",\"url\":\"https:\\\/\\\/globalintegralbeauty.com\\\/en\\\/author\\\/admin\\\/\",\"name\":\"integral.beauty\"},{\"@type\":\"WebPage\",\"@id\":\"https:\\\/\\\/globalintegralbeauty.com\\\/en\\\/numa-parra-epic-award-2025\\\/#webpage\",\"url\":\"https:\\\/\\\/globalintegralbeauty.com\\\/en\\\/numa-parra-epic-award-2025\\\/\",\"name\":\"Numa Parra: Pionero en est\\u00e9tica facial y empoderamiento de emprendedores hispanos en EE. UU. - Global Integral Beauty\",\"description\":\"Global Integral Beauty se enorgullece en reconocer a Numa Alonso Parra Guill\\u00e9n, cofundador de Forever Beauty Academy y copropietario de Forever Beauty Medical SPA, con el prestigioso Premio EPIC 2025, por sus contribuciones transformadoras en est\\u00e9tica facial, educaci\\u00f3n profesional y emprendimiento. Numa se ha consolidado como un experto l\\u00edder en cosmetolog\\u00eda y est\\u00e9tica facial, combinando t\\u00e9cnicas\",\"inLanguage\":\"en-US\",\"isPartOf\":{\"@id\":\"https:\\\/\\\/globalintegralbeauty.com\\\/en\\\/#website\"},\"breadcrumb\":{\"@id\":\"https:\\\/\\\/globalintegralbeauty.com\\\/en\\\/numa-parra-epic-award-2025\\\/#breadcrumblist\"},\"author\":{\"@id\":\"https:\\\/\\\/globalintegralbeauty.com\\\/en\\\/author\\\/admin\\\/#author\"},\"creator\":{\"@id\":\"https:\\\/\\\/globalintegralbeauty.com\\\/en\\\/author\\\/admin\\\/#author\"},\"image\":{\"@type\":\"ImageObject\",\"url\":\"https:\\\/\\\/globalintegralbeauty.com\\\/wp-content\\\/uploads\\\/2025\\\/12\\\/gib-awards-2025-27.jpeg\",\"@id\":\"https:\\\/\\\/globalintegralbeauty.com\\\/en\\\/numa-parra-epic-award-2025\\\/#mainImage\",\"width\":1280,\"height\":720},\"primaryImageOfPage\":{\"@id\":\"https:\\\/\\\/globalintegralbeauty.com\\\/en\\\/numa-parra-epic-award-2025\\\/#mainImage\"},\"datePublished\":\"2025-12-11T00:36:00-05:00\",\"dateModified\":\"2025-12-12T11:48:21-05:00\"},{\"@type\":\"WebSite\",\"@id\":\"https:\\\/\\\/globalintegralbeauty.com\\\/en\\\/#website\",\"url\":\"https:\\\/\\\/globalintegralbeauty.com\\\/en\\\/\",\"name\":\"Global Integral Beauty\",\"description\":\"Contenido especializado en Salud, Bienestar y Est\\u00e9tica\",\"inLanguage\":\"en-US\",\"publisher\":{\"@id\":\"https:\\\/\\\/globalintegralbeauty.com\\\/en\\\/#organization\"}}]}\n\t\t<\/script>\n\t\t<!-- All in One SEO -->\n\n","aioseo_head_json":{"title":"Numa Parra: Pionero en est\u00e9tica facial y empoderamiento de emprendedores hispanos en EE. UU. - Global Integral Beauty","description":"Global Integral Beauty se enorgullece en reconocer a Numa Alonso Parra Guill\u00e9n, cofundador de Forever Beauty Academy y copropietario de Forever Beauty Medical SPA, con el prestigioso Premio EPIC 2025, por sus contribuciones transformadoras en est\u00e9tica facial, educaci\u00f3n profesional y emprendimiento. Numa se ha consolidado como un experto l\u00edder en cosmetolog\u00eda y est\u00e9tica facial, combinando t\u00e9cnicas","canonical_url":"https:\/\/globalintegralbeauty.com\/en\/numa-parra-epic-award-2025\/","robots":"max-image-preview:large","keywords":"","webmasterTools":{"miscellaneous":""},"schema":{"@context":"https:\/\/schema.org","@graph":[{"@type":"BlogPosting","@id":"https:\/\/globalintegralbeauty.com\/en\/numa-parra-epic-award-2025\/#blogposting","name":"Numa Parra: Pionero en est\u00e9tica facial y empoderamiento de emprendedores hispanos en EE. UU. - Global Integral Beauty","headline":"Numa Parra: Pionero en est\u00e9tica facial y empoderamiento de emprendedores hispanos en EE. UU.","author":{"@id":"https:\/\/globalintegralbeauty.com\/en\/author\/admin\/#author"},"publisher":{"@id":"https:\/\/globalintegralbeauty.com\/en\/#organization"},"image":{"@type":"ImageObject","url":"https:\/\/globalintegralbeauty.com\/wp-content\/uploads\/2025\/12\/gib-awards-2025-27.jpeg","width":1280,"height":720},"datePublished":"2025-12-11T00:36:00-05:00","dateModified":"2025-12-12T11:48:21-05:00","inLanguage":"en-US","commentCount":3,"mainEntityOfPage":{"@id":"https:\/\/globalintegralbeauty.com\/en\/numa-parra-epic-award-2025\/#webpage"},"isPartOf":{"@id":"https:\/\/globalintegralbeauty.com\/en\/numa-parra-epic-award-2025\/#webpage"},"articleSection":"Galardonados"},{"@type":"BreadcrumbList","@id":"https:\/\/globalintegralbeauty.com\/en\/numa-parra-epic-award-2025\/#breadcrumblist","itemListElement":[{"@type":"ListItem","@id":"https:\/\/globalintegralbeauty.com\/en#listItem","position":1,"name":"Hogar","item":"https:\/\/globalintegralbeauty.com\/en","nextItem":{"@type":"ListItem","@id":"https:\/\/globalintegralbeauty.com\/en\/category\/galardonados\/#listItem","name":"Galardonados"}},{"@type":"ListItem","@id":"https:\/\/globalintegralbeauty.com\/en\/category\/galardonados\/#listItem","position":2,"name":"Galardonados","item":"https:\/\/globalintegralbeauty.com\/en\/category\/galardonados\/","nextItem":{"@type":"ListItem","@id":"https:\/\/globalintegralbeauty.com\/en\/numa-parra-epic-award-2025\/#listItem","name":"Numa Parra: Pionero en est\u00e9tica facial y empoderamiento de emprendedores hispanos en EE. UU."},"previousItem":{"@type":"ListItem","@id":"https:\/\/globalintegralbeauty.com\/en#listItem","name":"Hogar"}},{"@type":"ListItem","@id":"https:\/\/globalintegralbeauty.com\/en\/numa-parra-epic-award-2025\/#listItem","position":3,"name":"Numa Parra: Pionero en est\u00e9tica facial y empoderamiento de emprendedores hispanos en EE. UU.","previousItem":{"@type":"ListItem","@id":"https:\/\/globalintegralbeauty.com\/en\/category\/galardonados\/#listItem","name":"Galardonados"}}]},{"@type":"Organization","@id":"https:\/\/globalintegralbeauty.com\/en\/#organization","name":"Global Integral Beauty","description":"Contenido especializado en Salud, Bienestar y Est\u00e9tica","url":"https:\/\/globalintegralbeauty.com\/en\/","logo":{"@type":"ImageObject","url":"https:\/\/globalintegralbeauty.com\/wp-content\/uploads\/2022\/05\/cropped-Revista.jpg","@id":"https:\/\/globalintegralbeauty.com\/en\/numa-parra-epic-award-2025\/#organizationLogo","width":512,"height":512},"image":{"@id":"https:\/\/globalintegralbeauty.com\/en\/numa-parra-epic-award-2025\/#organizationLogo"}},{"@type":"Person","@id":"https:\/\/globalintegralbeauty.com\/en\/author\/admin\/#author","url":"https:\/\/globalintegralbeauty.com\/en\/author\/admin\/","name":"integral.beauty"},{"@type":"WebPage","@id":"https:\/\/globalintegralbeauty.com\/en\/numa-parra-epic-award-2025\/#webpage","url":"https:\/\/globalintegralbeauty.com\/en\/numa-parra-epic-award-2025\/","name":"Numa Parra: Pionero en est\u00e9tica facial y empoderamiento de emprendedores hispanos en EE. UU. - Global Integral Beauty","description":"Global Integral Beauty se enorgullece en reconocer a Numa Alonso Parra Guill\u00e9n, cofundador de Forever Beauty Academy y copropietario de Forever Beauty Medical SPA, con el prestigioso Premio EPIC 2025, por sus contribuciones transformadoras en est\u00e9tica facial, educaci\u00f3n profesional y emprendimiento. Numa se ha consolidado como un experto l\u00edder en cosmetolog\u00eda y est\u00e9tica facial, combinando t\u00e9cnicas","inLanguage":"en-US","isPartOf":{"@id":"https:\/\/globalintegralbeauty.com\/en\/#website"},"breadcrumb":{"@id":"https:\/\/globalintegralbeauty.com\/en\/numa-parra-epic-award-2025\/#breadcrumblist"},"author":{"@id":"https:\/\/globalintegralbeauty.com\/en\/author\/admin\/#author"},"creator":{"@id":"https:\/\/globalintegralbeauty.com\/en\/author\/admin\/#author"},"image":{"@type":"ImageObject","url":"https:\/\/globalintegralbeauty.com\/wp-content\/uploads\/2025\/12\/gib-awards-2025-27.jpeg","@id":"https:\/\/globalintegralbeauty.com\/en\/numa-parra-epic-award-2025\/#mainImage","width":1280,"height":720},"primaryImageOfPage":{"@id":"https:\/\/globalintegralbeauty.com\/en\/numa-parra-epic-award-2025\/#mainImage"},"datePublished":"2025-12-11T00:36:00-05:00","dateModified":"2025-12-12T11:48:21-05:00"},{"@type":"WebSite","@id":"https:\/\/globalintegralbeauty.com\/en\/#website","url":"https:\/\/globalintegralbeauty.com\/en\/","name":"Global Integral Beauty","description":"Contenido especializado en Salud, Bienestar y Est\u00e9tica","inLanguage":"en-US","publisher":{"@id":"https:\/\/globalintegralbeauty.com\/en\/#organization"}}]},"og:locale":"en_US","og:site_name":"Global Integral Beauty - Contenido especializado en Salud, Bienestar y Est\u00e9tica","og:type":"article","og:title":"Numa Parra: Pionero en est\u00e9tica facial y empoderamiento de emprendedores hispanos en EE. UU. - Global Integral Beauty","og:description":"Global Integral Beauty se enorgullece en reconocer a Numa Alonso Parra Guill\u00e9n, cofundador de Forever Beauty Academy y copropietario de Forever Beauty Medical SPA, con el prestigioso Premio EPIC 2025, por sus contribuciones transformadoras en est\u00e9tica facial, educaci\u00f3n profesional y emprendimiento. Numa se ha consolidado como un experto l\u00edder en cosmetolog\u00eda y est\u00e9tica facial, combinando t\u00e9cnicas","og:url":"https:\/\/globalintegralbeauty.com\/en\/numa-parra-epic-award-2025\/","og:image":"https:\/\/globalintegralbeauty.com\/wp-content\/uploads\/2025\/12\/gib-awards-2025-27.jpeg","og:image:secure_url":"https:\/\/globalintegralbeauty.com\/wp-content\/uploads\/2025\/12\/gib-awards-2025-27.jpeg","og:image:width":"1280","og:image:height":"720","article:published_time":"2025-12-11T05:36:00+00:00","article:modified_time":"2025-12-12T16:48:21+00:00","twitter:card":"summary_large_image","twitter:title":"Numa Parra: Pionero en est\u00e9tica facial y empoderamiento de emprendedores hispanos en EE. UU. - Global Integral Beauty","twitter:description":"Global Integral Beauty se enorgullece en reconocer a Numa Alonso Parra Guill\u00e9n, cofundador de Forever Beauty Academy y copropietario de Forever Beauty Medical SPA, con el prestigioso Premio EPIC 2025, por sus contribuciones transformadoras en est\u00e9tica facial, educaci\u00f3n profesional y emprendimiento. Numa se ha consolidado como un experto l\u00edder en cosmetolog\u00eda y est\u00e9tica facial, combinando t\u00e9cnicas","twitter:image":"https:\/\/globalintegralbeauty.com\/wp-content\/uploads\/2022\/05\/cropped-Revista.jpg"},"aioseo_meta_data":{"post_id":"12972","title":null,"description":null,"keywords":null,"keyphrases":{"focus":{"keyphrase":"","score":0,"analysis":{"keyphraseInTitle":{"score":0,"maxScore":9,"error":1}}},"additional":[]},"primary_term":null,"canonical_url":null,"og_title":null,"og_description":null,"og_object_type":"default","og_image_type":"featured","og_image_url":"https:\/\/globalintegralbeauty.com\/wp-content\/uploads\/2025\/12\/gib-awards-2025-27.jpeg","og_image_width":"1280","og_image_height":"720","og_image_custom_url":null,"og_image_custom_fields":null,"og_video":"","og_custom_url":null,"og_article_section":null,"og_article_tags":null,"twitter_use_og":false,"twitter_card":"default","twitter_image_type":"default","twitter_image_url":null,"twitter_image_custom_url":null,"twitter_image_custom_fields":null,"twitter_title":null,"twitter_description":null,"schema":{"blockGraphs":[],"customGraphs":[],"default":{"data":{"Article":[],"Course":[],"Dataset":[],"FAQPage":[],"Movie":[],"Person":[],"Product":[],"ProductReview":[],"Car":[],"Recipe":[],"Service":[],"SoftwareApplication":[],"WebPage":[]},"graphName":"BlogPosting","isEnabled":true},"graphs":[]},"schema_type":"default","schema_type_options":null,"pillar_content":false,"robots_default":true,"robots_noindex":false,"robots_noarchive":false,"robots_nosnippet":false,"robots_nofollow":false,"robots_noimageindex":false,"robots_noodp":false,"robots_notranslate":false,"robots_max_snippet":"-1","robots_max_videopreview":"-1","robots_max_imagepreview":"large","priority":null,"frequency":"default","local_seo":null,"breadcrumb_settings":null,"limit_modified_date":false,"ai":{"faqs":[],"keyPoints":[],"titles":[],"descriptions":[],"socialPosts":{"email":[],"linkedin":[],"twitter":[],"facebook":[],"instagram":[]}},"created":"2025-12-12 16:46:35","updated":"2025-12-12 17:03:27","seo_analyzer_scan_date":null,"focus_keyword":null,"additional_keywords":null,"truseo_locale":null},"aioseo_breadcrumb":"<div class=\"aioseo-breadcrumbs\"><span class=\"aioseo-breadcrumb\">\n\t\t\t<a href=\"https:\/\/globalintegralbeauty.com\/en\" title=\"Hogar\">Hogar<\/a>\n\t\t<\/span><span class=\"aioseo-breadcrumb-separator\">&raquo;<\/span><span class=\"aioseo-breadcrumb\">\n\t\t\t<a href=\"https:\/\/globalintegralbeauty.com\/en\/category\/galardonados\/\" title=\"Galardonados\">Galardonados<\/a>\n\t\t<\/span><span class=\"aioseo-breadcrumb-separator\">&raquo;<\/span><span class=\"aioseo-breadcrumb\">\n\t\t\tNuma Parra: Pionero en est\u00e9tica facial y empoderamiento de emprendedores hispanos en EE. UU.\n\t\t<\/span><\/div>","aioseo_breadcrumb_json":[{"label":"Hogar","link":"https:\/\/globalintegralbeauty.com\/en"},{"label":"Galardonados","link":"https:\/\/globalintegralbeauty.com\/en\/category\/galardonados\/"},{"label":"Numa Parra: Pionero en est\u00e9tica facial y empoderamiento de emprendedores hispanos en EE. UU.","link":"https:\/\/globalintegralbeauty.com\/en\/numa-parra-epic-award-2025\/"}],"_links":{"self":[{"href":"https:\/\/globalintegralbeauty.com\/en\/wp-json\/wp\/v2\/posts\/12972","targetHints":{"allow":["GET"]}}],"collection":[{"href":"https:\/\/globalintegralbeauty.com\/en\/wp-json\/wp\/v2\/posts"}],"about":[{"href":"https:\/\/globalintegralbeauty.com\/en\/wp-json\/wp\/v2\/types\/post"}],"author":[{"embeddable":true,"href":"https:\/\/globalintegralbeauty.com\/en\/wp-json\/wp\/v2\/users\/1"}],"replies":[{"embeddable":true,"href":"https:\/\/globalintegralbeauty.com\/en\/wp-json\/wp\/v2\/comments?post=12972"}],"version-history":[{"count":4,"href":"https:\/\/globalintegralbeauty.com\/en\/wp-json\/wp\/v2\/posts\/12972\/revisions"}],"predecessor-version":[{"id":12976,"href":"https:\/\/globalintegralbeauty.com\/en\/wp-json\/wp\/v2\/posts\/12972\/revisions\/12976"}],"wp:featuredmedia":[{"embeddable":true,"href":"https:\/\/globalintegralbeauty.com\/en\/wp-json\/wp\/v2\/media\/12966"}],"wp:attachment":[{"href":"https:\/\/globalintegralbeauty.com\/en\/wp-json\/wp\/v2\/media?parent=12972"}],"wp:term":[{"taxonomy":"category","embeddable":true,"href":"https:\/\/globalintegralbeauty.com\/en\/wp-json\/wp\/v2\/categories?post=12972"},{"taxonomy":"post_tag","embeddable":true,"href":"https:\/\/globalintegralbeauty.com\/en\/wp-json\/wp\/v2\/tags?post=12972"}],"curies":[{"name":"wp","href":"https:\/\/api.w.org\/{rel}","templated":true}]}}